{"id":602110,"date":"2025-11-25T22:06:26","date_gmt":"2025-11-25T22:06:26","guid":{"rendered":"https:\/\/www.europesays.com\/de\/602110\/"},"modified":"2025-11-25T22:06:26","modified_gmt":"2025-11-25T22:06:26","slug":"der-us-verhandler-der-selenskyj-die-schlechten-nachrichten-ueberbringt","status":"publish","type":"post","link":"https:\/\/www.europesays.com\/de\/602110\/","title":{"rendered":"Der US-Verhandler, der Selenskyj die schlechten Nachrichten \u00fcberbringt"},"content":{"rendered":"<p class=\"tspBFkp\">US-Pr\u00e4sident Donald Trump ist bekannt f\u00fcr seine Vorliebe f\u00fcr Spitznamen. Seit einer Weile gibt es bei ihm auch einen \u201edrone guy\u201c, einen Drohnen-Typen. Und der ist in diesen Tagen mit einer heiklen Aufgabe betraut: der diplomatischen Kommunikation zwischen den Parteien des Ukraine-Kriegs.<\/p>\n<p class=\"tspBFkp\">Eigentlich hei\u00dft der Mann Dan Driscoll. Als Secretary of the Army, vergleichbar mit einem Staatssekret\u00e4r in Deutschland, ist er haupts\u00e4chlich zust\u00e4ndig f\u00fcr administrative Fragen, Personal, Budget und Materialanschaffung und -pflege beim US-Milit\u00e4r.<\/p>\n<p class=\"tspBFkp\">Anfang November k\u00fcndigte Driscoll in seiner Funktion an, dass die US-Armee in den kommenden zwei bis drei Jahren mindestens eine Million Drohnen kaufen will und in den darauffolgenden Jahren zwischen einer halben und einer Million pro Jahr anschaffen k\u00f6nnte. <\/p>\n<p class=\"tspBFkp\">Donald Trump nennt ihn unter anderem deswegen seinen \u201edrone guy\u201c\u00a0\u2013 auch weil Driscoll wohl ein Faible f\u00fcr neue Technologien hat. <\/p>\n<p> Ein Top-Verhandler im Ukraine-Krieg <\/p>\n<p class=\"tspBFkp\">In den vergangenen Tagen ist der ehemalige Investmentbanker dar\u00fcber hinaus zu einem der Top-Verhandler der USA im Hinblick auf den Ukraine-Krieg geworden.<\/p>\n<p class=\"tspBFkp\">Am Donnerstag wurde Driscoll dann zum \u00dcberbringer schlechter Nachrichten. In Kiew \u00fcberreichte er dem ukrainischen Pr\u00e4sidenten Wolodymyr Selenskyj den 28-Punkte-Plan der US-Regierung.<\/p>\n<p class=\"tspBFkp\"><a href=\"https:\/\/www.tagesspiegel.de\/internationales\/im-wesentlichen-wunschliste-der-russen-hinweise-auf-massiven-einfluss-des-kreml-bei-ukraine-plan-verdichten-sich-14919473.html?icid=in-text-link_14932640\" class=\"link link--internal\" data-gtm-class=\"article-text-link\" data-gtm-val=\"internal\" target=\"_blank\" rel=\"noopener\">Ukrainer, Europ\u00e4er und Experten sahen darin eine Kapitulation gegen\u00fcber Moskau<\/a>. In Genf konnte die US-Regierung an diesem Montag wohl dazu bewegt werden, den Plan zu ver\u00e4ndern. Am Dienstag wurde bekannt, dass der Plan nun noch 19 Punkte haben soll.<\/p>\n<p><img decoding=\"async\" src=\"https:\/\/www.europesays.com\/de\/wp-content\/uploads\/2025\/11\/ukraine-us-politics-diplomacy-russia-conflict.jpeg\"   alt=\"\" aria-labelledby=\"caption-14937980\" width=\"440\" height=\"330\" loading=\"lazy\" class=\"tspAZi9\"\/> Dan Driscoll (rechts) \u00fcberbrachte am vergangenen Donnerstag dem ukrainischen Pr\u00e4sidenten Wolodymyr Selenskyj den 28-Punkte-Plan der US-Regierung. <\/p>\n<p class=\"tspAFga\"> \u00a9 AFP\/HANDOUT <\/p>\n<p class=\"tspBFkp\">In jedem Fall hat Driscoll in dieser Woche einiges zu tun. Seit Montag f\u00fchrt in der Hauptstadt der Vereinigten Arabischen Emirate, Abu Dhabi, Gespr\u00e4che mit dem Chef des ukrainischen Milit\u00e4rgeheimdienstes und einer russischen Delegation. Er soll zwischen den Kriegsparteien vermitteln.<\/p>\n<p class=\"tspBFkp\">Dass er eine derart herausgehobene diplomatische Stellung in einer so komplexen Situation bekommt, war dabei alles andere als vorgezeichnet.<\/p>\n<p> Driscoll stammt aus einer milit\u00e4risch gepr\u00e4gten Familie <\/p>\n<p class=\"tspBFkp\">Im Februar 2025 war Driscoll zum Secretary of the Army ernannt worden. \u00dcberraschend dabei: Er wurde mit gro\u00dfer partei\u00fcbergreifender Zustimmung ins Amt eingesetzt. <\/p>\n<p><a href=\"https:\/\/www.tagesspiegel.de\/politik\/herfried-munkler-im-gesprach-man-muss-eine-strukturelle-unterlegenheit-des-westens-einraumen-14907203.html?icid=single-topic_14932640___\" data-gtm-class=\"article-mzt-link\" class=\"tspCTo2\" target=\"_blank\" rel=\"noopener\">Herfried M\u00fcnkler im Gespr\u00e4ch \u201eMan muss eine strukturelle Unterlegenheit des Westens einr\u00e4umen\u201c  <\/a><\/p>\n<p class=\"tspBFkp\">Das ist keine Selbstverst\u00e4ndlichkeit. Einer der Hauptkonfliktpunkte nach Trumps Amtsantritt im Januar war die Verteilung der Posten, bei denen der US-Pr\u00e4sident teilweise hochumstrittene Personalentscheidungen traf.<\/p>\n<p class=\"tspBFkp\">Driscoll kommt aus einer vom Milit\u00e4r gepr\u00e4gten Familie. Der Vater des 38-J\u00e4hrigen k\u00e4mpfte im Vietnamkrieg, der Gro\u00dfvater im Zweiten Weltkrieg. Er selbst war dreieinhalb Jahre beim Milit\u00e4r und wurde 2009 im Irak als Soldat eingesetzt. <\/p>\n<p class=\"tspBFkp\">Nach seiner R\u00fcckkehr studierte er Rechtswissenschaften an der Yale Law School, wo er den heutigen Vizepr\u00e4sidenten, J.D. Vance, kennenlernte. <\/p>\n<p><img decoding=\"async\" src=\"https:\/\/www.europesays.com\/de\/wp-content\/uploads\/2025\/11\/vice-president-jd-vance-speaks-with-breitbart-journalist-in-fireside-chat.jpeg\"   alt=\"\" aria-labelledby=\"caption-14938280\" width=\"440\" height=\"330\" loading=\"lazy\" class=\"tspAZi9\"\/> US-Vizepr\u00e4sident J.D. Vance ging mit Dan Driscoll auf die Yale Law School. <\/p>\n<p class=\"tspAFga\"> \u00a9 Getty Images via AFP\/TASOS KATOPODIS <\/p>\n<p class=\"tspBFkp\">Schnell stellten sie fest, dass sie viel gemeinsam haben. Beide sind rund um die Appalachen aufgewachsen und kamen \u00fcber das Milit\u00e4r an ihren Platz im Jurastudium. Sie gelten als befreundet, Driscoll soll Vance auch politischen Rat gegeben haben.<\/p>\n<p class=\"tspBFkp\">F\u00fcr Driscolls Karriere k\u00f6nnte das gute Verh\u00e4ltnis zu Vance von Vorteil sein.  Dem Vizepr\u00e4sidenten d\u00fcrfte er es zu verdanken haben, dass er nun zwischen Europ\u00e4ern und Ukrainern verhandelt. Vance selbst ist den Ukrainern gegen\u00fcber extrem kritisch eingestellt. <\/p>\n<p class=\"tspBFkp\"><a href=\"https:\/\/www.tagesspiegel.de\/internationales\/selenskyj-im-weissen-haus-trump-fordert-in-erhitzter-debatte-dankbarkeit-13295002.html?icid=in-text-link_14932640\" class=\"link link--internal\" data-gtm-class=\"article-text-link\" data-gtm-val=\"internal\" target=\"_blank\" rel=\"noopener\">Unvergessen ist dessen Auftritt im Februar<\/a>, als er Selenskyj im Wei\u00dfen Haus vor der Welt\u00f6ffentlichkeit Undankbarkeit vorwarf. Den Krieg will er \u2013\u00a0ebenso wie Trump\u00a0\u2013 so schnell wie m\u00f6glich beendet sehen.<\/p>\n<p><a href=\"https:\/\/www.tagesspiegel.de\/internationales\/trumps-wahrscheinlichster-erbe-was-die-welt-von-einem-us-prasidenten-jd-vance-zu-erwarten-hatte-14283632.html?icid=single-topic_14932640___\" data-gtm-class=\"article-mzt-link\" class=\"tspCTo2\" target=\"_blank\" rel=\"noopener\">Trumps wahrscheinlichster Erbe Was die Welt von einem US-Pr\u00e4sidenten J.D. Vance zu erwarten h\u00e4tte <\/a><\/p>\n<p class=\"tspBFkp\">Mit Driscoll k\u00f6nnte Vance nun jemanden am Verhandlungstisch sitzen haben, der die Positionen des Vizepr\u00e4sidenten vortr\u00e4gt.<\/p>\n<p class=\"tspBFkp\">Der Secretary of the Army k\u00f6nnte folgerichtig somit den bisherigen Sondergesandten f\u00fcr die Ukraine, Keith Kellogg, abl\u00f6sen. Der 81-J\u00e4hrige wird sich Ende des Jahres von seiner Rolle komplett verabschieden, offiziell, weil seine Amtszeit dann endet. <\/p>\n<p><img decoding=\"async\" src=\"https:\/\/www.europesays.com\/de\/wp-content\/uploads\/2025\/11\/keith-kellogg.jpeg\"   alt=\"\" aria-labelledby=\"caption-14938193\" width=\"440\" height=\"330\" loading=\"lazy\" class=\"tspAZi9\"\/> Keith Kellogg wird noch bis Ende des Jahres US-Sondergesandter f\u00fcr die Ukraine sein. <\/p>\n<p class=\"tspAFga\"> \u00a9 dpa\/Boris Roessler <\/p>\n<p class=\"tspBFkp\">Kellogg gilt als Ukraine-freundlich, was der US-Regierung von Trump aufst\u00f6\u00dft. Allerdings hat sich auch Driscoll zuletzt anerkennend \u00fcber die Ukraine ge\u00e4u\u00dfert, insbesondere mit Blick auf deren Innovationen auf dem Feld der Drohnen-Produktion. <\/p>\n<p> Netzwerk und Arbeitsmoral <\/p>\n<p class=\"tspBFkp\">Doch scheint er nicht nur durch gute politische Kontakte seinen Weg nach oben zu gehen. Er gilt Medienberichten zufolge neben seiner Beziehung zu Vance zwar als gut vernetzt und beliebt im Wei\u00dfen Haus. Doch soll das Berichten zufolge haupts\u00e4chlich mit Driscolls Arbeitsmoral und Kompetenz zusammenh\u00e4ngen, die auch von Trump selbst gesch\u00e4tzt werden soll.<\/p>\n<p class=\"tspBFkp\">Neben seiner Rolle als Verwalter von Verm\u00f6gen und der riesigen zivilen und milit\u00e4rischen Belegschaft des US-Milit\u00e4rs, bekam er etwa zus\u00e4tzlich den Posten des amtierenden Direktors des Bureau of Alcohol, Tobacco, Firearms and Explosives.<\/p>\n<p class=\"tspVe4\">Empfohlener redaktioneller Inhalt<\/p>\n<p> An dieser Stelle finden Sie einen von unseren Redakteuren ausgew\u00e4hlten, externen Inhalt, der den Artikel f\u00fcr Sie mit zus\u00e4tzlichen Informationen anreichert. Sie k\u00f6nnen sich hier den externen Inhalt mit einem Klick anzeigen lassen oder wieder ausblenden. <\/p>\n<p> Externen Inhalt anzeigen <\/p>\n<p class=\"tspVfa\"> Ich bin damit einverstanden, dass mir der externe Inhalt angezeigt wird. Damit k\u00f6nnen personenbezogene Daten an Drittplattformen \u00fcbermittelt werden.  Mehr Informationen dazu erhalten Sie in den Datenschutz-Einstellungen. Diese finden Sie ganz unten auf unserer Seite im Footer, sodass Sie Ihre Einstellungen jederzeit verwalten oder widerrufen k\u00f6nnen. <\/p>\n<p class=\"tspBFkp\">\u201eDans Beziehung zu J.D. hat ihm sicherlich geholfen, den Job (beim Milit\u00e4r) zu bekommen, aber sein ganzer Erfolg beruht auf seinen Verdiensten\u201c, sagte eine dem Wei\u00dfen Haus nahe stehende Person dem US-Medium \u201ePolitico\u201c.<\/p>\n<p class=\"tspBFkp\">Anerkennung aus dem Wei\u00dfen Haus scheint in diesem Zusammenhang Driscolls Vorgesetzter immer weniger zu genie\u00dfen: Verteidigungs- beziehungsweise Kriegsminister Pete Hegseth. Der ehemalige Fox-News-Moderator war in den ersten zehn Monaten seiner Amtszeit bereits in mehrere Skandale verwickelt.<\/p>\n<p class=\"tspBFkp\">Im M\u00e4rz hatte er etwa <a href=\"https:\/\/www.tagesspiegel.de\/internationales\/trump-lasst-sicherheitsberater-nach-signal-gate-versetzen-muss-jetzt-auch-verteidigungsminister-hegseth-gehen-13627654.html?icid=in-text-link_14932640\" class=\"link link--internal\" data-gtm-class=\"article-text-link\" data-gtm-val=\"internal\" target=\"_blank\" rel=\"noopener\">einen Journalisten in eine Chat-Gruppe eingeladen<\/a>, in der vertrauliche Informationen zur Planung amerikanischer Milit\u00e4rschl\u00e4ge ausgetauscht wurden. <\/p>\n<p> Zweifel an Hegseths Stellung in der US-Regierung <\/p>\n<p class=\"tspBFkp\">Dass nun ein ihm Untergebener und nicht er selbst eine so zentrale Rolle einnimmt, s\u00e4t Zweifel an seiner Stellung innerhalb der US-Regierung\u00a0\u2013 gerade bei der f\u00fcr Trumps Agenda so wichtigen L\u00f6sung des Ukraine-Kriegs.<\/p>\n<p class=\"tspBFkp\">\u201eEs gibt nicht viel Vertrauen in Hegseth, diese Botschaften an die wichtigsten F\u00fchrungskr\u00e4fte zu \u00fcbermitteln\u201c, sagte eine anonyme Quelle, die sich mit Vorg\u00e4ngen in der Regierung gut auskennt, gegen\u00fcber \u201ePolitico\u201c. \u201eEs gibt mehr Vertrauen in Dan, dies im Moment zu tun.\u201c Das Wei\u00dfe Haus allerdings lobte den Minister zuletzt \u00f6ffentlich und bestreitet jegliche Spannungen.  <\/p>\n<p class=\"tspBFkp\">Dennoch wird Driscoll als Favorit auf das Amt Hegseths gehandelt, sollte dieser zur\u00fccktreten oder entlassen werden. <\/p>\n<p> Mehr zum Thema lesen Sie hier <a href=\"https:\/\/www.tagesspiegel.de\/internationales\/europaer-uberarbeiten-trumps-ukraine-plan-ich-glaube-nicht-dass-putin-einem-neuen-entwurf-zustimmt-14932979.html?icid=topic-list_14932640___\" data-gtm-class=\"article-mzt-link\" class=\"tspCTo2\" target=\"_blank\" rel=\"noopener\">Europ\u00e4er \u00fcberarbeiten Trumps Ukraine-Plan \u201eIch glaube nicht, dass Putin einem neuen Entwurf zustimmt\u201c  <\/a><a href=\"https:\/\/www.tagesspiegel.de\/internationales\/militaranalysten-relativieren-erfolgsmeldungen-des-kreml-ist-russlands-vormarsch-in-donezk-doch-langsamer-als-behauptet-14932427.html?icid=topic-list_14932640___\" data-gtm-class=\"article-mzt-link\" class=\"tspCTo2\" target=\"_blank\" rel=\"noopener\">Milit\u00e4ranalysten relativieren Putins Erfolgsmeldungen Ist Russlands Vormarsch in Donezk doch langsamer als behauptet? <\/a><a href=\"https:\/\/www.tagesspiegel.de\/wissen\/ein-aggressor-wie-putin-ist-schwer-zu-saturieren-ist-der-ukraine-plan-fur-europa-so-gefahrlich-wie-der-versailler-vertrag-14930123.html?icid=topic-list_14932640___\" data-gtm-class=\"article-mzt-link\" class=\"tspCTo2\" target=\"_blank\" rel=\"noopener\">\u201eEin Aggressor wie Putin ist schwer zu saturieren\u201c Ist der Ukraine-Plan f\u00fcr Europa so gef\u00e4hrlich wie der Versailler Vertrag? <\/a><\/p>\n<p class=\"tspBFkp\">Driscoll kann sich derweil auf intensive Wochen einstellen. Trump will den Ukraine-Krieg schnell beenden oder zumindest eine Waffenruhe herbeif\u00fchren. Dabei hat er nach wie vor mit Russland als Aggressor zu tun, der seine Maximalforderungen durchsetzen will. Und einer Koalition um die Ukraine, die diese nicht akzeptieren will. <\/p>\n<p class=\"tspBFkp\">Und mittendrin ist Dan Driscoll als Verhandler und Nachrichten\u00fcberbringer. Ob er sich in dieser Woche auf den Weg nach Moskau oder nach Kiew machen muss, ist noch unklar. F\u00fcr eine der beiden Parteien d\u00fcrfte er aber schlechte Nachrichten dabei haben. <\/p>\n","protected":false},"excerpt":{"rendered":"US-Pr\u00e4sident Donald Trump ist bekannt f\u00fcr seine Vorliebe f\u00fcr Spitznamen. Seit einer Weile gibt es bei ihm auch&hellip;\n","protected":false},"author":2,"featured_media":602111,"comment_status":"","ping_status":"","sticky":false,"template":"","format":"standard","meta":{"footnotes":""},"categories":[5],"tags":[331,332,3364,29,106,30,13,1435,14,15,12,317,64,107,103983],"class_list":{"0":"post-602110","1":"post","2":"type-post","3":"status-publish","4":"format-standard","5":"has-post-thumbnail","7":"category-nachrichten","8":"tag-aktuelle-nachrichten","9":"tag-aktuelle-news","10":"tag-de","11":"tag-deutschland","12":"tag-donald-trump","13":"tag-germany","14":"tag-headlines","15":"tag-krieg-in-der-ukraine","16":"tag-nachrichten","17":"tag-news","18":"tag-schlagzeilen","19":"tag-ukraine","20":"tag-usa","21":"tag-wolodymyr-selenskyj","22":"tag-zweiter-weltkrieg-und-kriegsende"},"share_on_mastodon":{"url":"https:\/\/pubeurope.com\/@de\/115612615029178799","error":""},"_links":{"self":[{"href":"https:\/\/www.europesays.com\/de\/wp-json\/wp\/v2\/posts\/602110","targetHints":{"allow":["GET"]}}],"collection":[{"href":"https:\/\/www.europesays.com\/de\/wp-json\/wp\/v2\/posts"}],"about":[{"href":"https:\/\/www.europesays.com\/de\/wp-json\/wp\/v2\/types\/post"}],"author":[{"embeddable":true,"href":"https:\/\/www.europesays.com\/de\/wp-json\/wp\/v2\/users\/2"}],"replies":[{"embeddable":true,"href":"https:\/\/www.europesays.com\/de\/wp-json\/wp\/v2\/comments?post=602110"}],"version-history":[{"count":0,"href":"https:\/\/www.europesays.com\/de\/wp-json\/wp\/v2\/posts\/602110\/revisions"}],"wp:featuredmedia":[{"embeddable":true,"href":"https:\/\/www.europesays.com\/de\/wp-json\/wp\/v2\/media\/602111"}],"wp:attachment":[{"href":"https:\/\/www.europesays.com\/de\/wp-json\/wp\/v2\/media?parent=602110"}],"wp:term":[{"taxonomy":"category","embeddable":true,"href":"https:\/\/www.europesays.com\/de\/wp-json\/wp\/v2\/categories?post=602110"},{"taxonomy":"post_tag","embeddable":true,"href":"https:\/\/www.europesays.com\/de\/wp-json\/wp\/v2\/tags?post=602110"}],"curies":[{"name":"wp","href":"https:\/\/api.w.org\/{rel}","templated":true}]}}