{"id":602112,"date":"2025-11-25T22:07:14","date_gmt":"2025-11-25T22:07:14","guid":{"rendered":"https:\/\/www.europesays.com\/de\/602112\/"},"modified":"2025-11-25T22:07:14","modified_gmt":"2025-11-25T22:07:14","slug":"ein-souveraener-zugang-zum-all-ist-fuer-deutschland-unerlaesslich-table-briefings","status":"publish","type":"post","link":"https:\/\/www.europesays.com\/de\/602112\/","title":{"rendered":"\u201eEin souver\u00e4ner Zugang zum All ist f\u00fcr Deutschland unerl\u00e4sslich\u201c \u2022 Table.Briefings"},"content":{"rendered":"<p class=\"text-base md:text-xl font-semibold text-gray-700 leading-relaxed\">\n                Deutschland will die F\u00fchrungsrolle in der Erdbeobachtung sichern, neue Launcher-Systeme f\u00f6rdern und in der Exploration und Weltraumsicherheit st\u00e4rker mitgestalten. Dorothee B\u00e4r sieht einen souver\u00e4nen Zugang zum All als entscheidend an \u2013 und fordert im Interview mehr Tempo bei Esa-Entscheidungen.\n            <\/p>\n<p>                                                            <img loading=\"lazy\" decoding=\"async\" src=\"https:\/\/www.europesays.com\/de\/wp-content\/uploads\/2025\/11\/nicola-kuhrt.png\" alt=\"\" width=\"32\" height=\"32\" class=\"w-full h-full rounded-full\"\/><\/p>\n<p>\n                            25. November 2025\n                        <\/p>\n<p>\n                Empf\u00e4nger ben\u00f6tigen ein Abo zum Lesen\n            <\/p>\n<p>                                                                    <img loading=\"lazy\" decoding=\"async\" src=\"https:\/\/www.europesays.com\/de\/wp-content\/uploads\/2025\/11\/1764108433_716_nicola-kuhrt.png\" alt=\"\" width=\"40\" height=\"40\" class=\"w-full h-full rounded-full\"\/><\/p>\n<p>\n                        25. November 2025\n                    <\/p>\n<p>\n                Empf\u00e4nger ben\u00f6tigen ein Abo zum Lesen\n            <\/p>\n<p>    <img loading=\"lazy\" decoding=\"async\" src=\"https:\/\/www.europesays.com\/de\/wp-content\/uploads\/2025\/11\/dorothee_baer_raumfahrt.jpg\" alt=\"Dorothee Baer, Bundesministerin fuer Forschung, Technologie und Raumfahrt (BMFTR), beim Tag der offenen Tuer der Bundesregierung 2025 im blauen ESA-Jubilaeumsanzug\" width=\"1024\" height=\"683\" class=\"w-full h-36 md:h-auto object-cover rounded-lg\"\/><\/p>\n<p>        Raumfahrtministerin Dorothee B\u00e4r will positive Signale zur Esa-Ministerratskonferenz senden. (picture alliance \/ Eibner-Pressefoto | Eibner-Pressefoto\/Ardan)    <\/p>\n<p class=\"mt-12 text-sm text-gray-600\">\n            Letzte Aktualisierung: 25. November 2025\n        <\/p>\n<p>            Artikel teilen:<\/p>\n<p>\n                Empf\u00e4nger ben\u00f6tigen ein Abo zum Lesen\n            <\/p>\n","protected":false},"excerpt":{"rendered":"Deutschland will die F\u00fchrungsrolle in der Erdbeobachtung sichern, neue Launcher-Systeme f\u00f6rdern und in der Exploration und Weltraumsicherheit st\u00e4rker&hellip;\n","protected":false},"author":2,"featured_media":602113,"comment_status":"","ping_status":"","sticky":false,"template":"","format":"standard","meta":{"footnotes":""},"categories":[2],"tags":[331,3924,332,3922,143682,3364,29,3758,597,30,13,14,3923,15,3921,426,12],"class_list":{"0":"post-602112","1":"post","2":"type-post","3":"status-publish","4":"format-standard","5":"has-post-thumbnail","7":"category-deutschland","8":"tag-aktuelle-nachrichten","9":"tag-aktuelle-nachrichten-aus-deutschland","10":"tag-aktuelle-news","11":"tag-aktuelle-news-aus-deutschland","12":"tag-bmftr","13":"tag-de","14":"tag-deutschland","15":"tag-dorothee-baer","16":"tag-forschung","17":"tag-germany","18":"tag-headlines","19":"tag-nachrichten","20":"tag-nachrichten-aus-deutschland","21":"tag-news","22":"tag-news-aus-deutschland","23":"tag-raumfahrt","24":"tag-schlagzeilen"},"share_on_mastodon":{"url":"https:\/\/pubeurope.com\/@de\/115612617897632688","error":""},"_links":{"self":[{"href":"https:\/\/www.europesays.com\/de\/wp-json\/wp\/v2\/posts\/602112","targetHints":{"allow":["GET"]}}],"collection":[{"href":"https:\/\/www.europesays.com\/de\/wp-json\/wp\/v2\/posts"}],"about":[{"href":"https:\/\/www.europesays.com\/de\/wp-json\/wp\/v2\/types\/post"}],"author":[{"embeddable":true,"href":"https:\/\/www.europesays.com\/de\/wp-json\/wp\/v2\/users\/2"}],"replies":[{"embeddable":true,"href":"https:\/\/www.europesays.com\/de\/wp-json\/wp\/v2\/comments?post=602112"}],"version-history":[{"count":0,"href":"https:\/\/www.europesays.com\/de\/wp-json\/wp\/v2\/posts\/602112\/revisions"}],"wp:featuredmedia":[{"embeddable":true,"href":"https:\/\/www.europesays.com\/de\/wp-json\/wp\/v2\/media\/602113"}],"wp:attachment":[{"href":"https:\/\/www.europesays.com\/de\/wp-json\/wp\/v2\/media?parent=602112"}],"wp:term":[{"taxonomy":"category","embeddable":true,"href":"https:\/\/www.europesays.com\/de\/wp-json\/wp\/v2\/categories?post=602112"},{"taxonomy":"post_tag","embeddable":true,"href":"https:\/\/www.europesays.com\/de\/wp-json\/wp\/v2\/tags?post=602112"}],"curies":[{"name":"wp","href":"https:\/\/api.w.org\/{rel}","templated":true}]}}