{"id":602275,"date":"2025-11-25T23:36:26","date_gmt":"2025-11-25T23:36:26","guid":{"rendered":"https:\/\/www.europesays.com\/de\/602275\/"},"modified":"2025-11-25T23:36:26","modified_gmt":"2025-11-25T23:36:26","slug":"der-landtag-erlebt-einen-neuen-rot-gruenen-versuch-die-klosterkammer-zu-steuern","status":"publish","type":"post","link":"https:\/\/www.europesays.com\/de\/602275\/","title":{"rendered":"Der Landtag erlebt einen neuen rot-gr\u00fcnen Versuch, die Klosterkammer zu steuern"},"content":{"rendered":"<p><img decoding=\"async\" src=\"https:\/\/www.europesays.com\/de\/wp-content\/uploads\/2025\/11\/Kloster-scaled-e1764084623158-780x439.jpg\" alt=\"\" class=\"wp-image-133950\"\/>\u00dcberrascht von der Politik: Klosterkammerdirektor Matthias Nagel und Klosterkammerpr\u00e4sidentin Thela Wernstedt. | Foto: Wallbaum<\/p>\n<p>Wie weit darf der Landtag gehen, wenn es um die Klosterkammer geht? Die Klosterkammer ist die Beh\u00f6rde, die den \u201eAllgemeinen Hannoverschen Klosterfonds\u201c betreut \u2013 also fr\u00fcheres Kloster- und Kirchenverm\u00f6gen, das nach 1803 vom Kirchen- in den Staatsbesitz \u00fcbergegangen ist. Seit vielen Jahrzehnten genie\u00dft diese Kammer eine Sonderstellung \u2013 und im Laufe der Zeit hat es immer wieder Versuche der [&#8230;]<\/p>\n","protected":false},"excerpt":{"rendered":"\u00dcberrascht von der Politik: Klosterkammerdirektor Matthias Nagel und Klosterkammerpr\u00e4sidentin Thela Wernstedt. | Foto: Wallbaum Wie weit darf der&hellip;\n","protected":false},"author":2,"featured_media":602276,"comment_status":"","ping_status":"","sticky":false,"template":"","format":"standard","meta":{"footnotes":"","_share_on_mastodon":"0"},"categories":[1836],"tags":[3364,29,141261,30,46,114365,143702,1411,143703],"class_list":["post-602275","post","type-post","status-publish","format-standard","has-post-thumbnail","category-hannover","tag-de","tag-deutschland","tag-erbbaurecht","tag-germany","tag-hannover","tag-klosterkammer","tag-matthias-nagel","tag-niedersachsen","tag-thela-wernstedt"],"share_on_mastodon":{"url":"https:\/\/pubeurope.com\/@de\/115612967700622016","error":""},"_links":{"self":[{"href":"https:\/\/www.europesays.com\/de\/wp-json\/wp\/v2\/posts\/602275","targetHints":{"allow":["GET"]}}],"collection":[{"href":"https:\/\/www.europesays.com\/de\/wp-json\/wp\/v2\/posts"}],"about":[{"href":"https:\/\/www.europesays.com\/de\/wp-json\/wp\/v2\/types\/post"}],"author":[{"embeddable":true,"href":"https:\/\/www.europesays.com\/de\/wp-json\/wp\/v2\/users\/2"}],"replies":[{"embeddable":true,"href":"https:\/\/www.europesays.com\/de\/wp-json\/wp\/v2\/comments?post=602275"}],"version-history":[{"count":0,"href":"https:\/\/www.europesays.com\/de\/wp-json\/wp\/v2\/posts\/602275\/revisions"}],"wp:featuredmedia":[{"embeddable":true,"href":"https:\/\/www.europesays.com\/de\/wp-json\/wp\/v2\/media\/602276"}],"wp:attachment":[{"href":"https:\/\/www.europesays.com\/de\/wp-json\/wp\/v2\/media?parent=602275"}],"wp:term":[{"taxonomy":"category","embeddable":true,"href":"https:\/\/www.europesays.com\/de\/wp-json\/wp\/v2\/categories?post=602275"},{"taxonomy":"post_tag","embeddable":true,"href":"https:\/\/www.europesays.com\/de\/wp-json\/wp\/v2\/tags?post=602275"}],"curies":[{"name":"wp","href":"https:\/\/api.w.org\/{rel}","templated":true}]}}