{"id":602321,"date":"2025-11-26T00:02:19","date_gmt":"2025-11-26T00:02:19","guid":{"rendered":"https:\/\/www.europesays.com\/de\/602321\/"},"modified":"2025-11-26T00:02:19","modified_gmt":"2025-11-26T00:02:19","slug":"berlin-streit-unter-koechen-endet-blutig-news","status":"publish","type":"post","link":"https:\/\/www.europesays.com\/de\/602321\/","title":{"rendered":"Berlin: Streit unter K\u00f6chen endet blutig | News"},"content":{"rendered":"<p>Berlin \u2013 <b>In der K\u00fcche eines Restaurants in Charlottenburg flog ein Streit zwischen zwei Kollegen v\u00f6llig aus dem Ruder. Ein 32-J\u00e4hriger griff zum Arbeitsmesser, sein 34 Jahre alter Kollege schlug sp\u00e4ter mit einem K\u00fcchenmesser zu. Am Ende stand eine Festnahme des Angreifers \u2013 und zwei Schnittwunden beim Opfer.<\/b><\/p>\n<p>Der Streit begann in der K\u00fcche des Lokals in der Schillerstra\u00dfe. Die beiden K\u00f6che krachten aufeinander. Die Stimmung kippte. Der J\u00fcngere schnappte sich ein Arbeitsmesser. Doch ein weiterer Mitarbeiter schritt rechtzeitig ein und trennte die Streith\u00e4hne, bevor Schlimmeres passieren konnte.<\/p>\n<p>Messer-Attacke auf dem Gehweg<\/p>\n<p>Doch damit war der Konflikt nicht vorbei. Vor dem Restaurant eskalierte die Situation erneut \u2013 diesmal mit brutalen Folgen. Der 34-J\u00e4hrige bewaffnete sich nun seinerseits mit einem weiteren K\u00fcchenmesser und stach mehrfach auf den 32-J\u00e4hrigen ein. Kollegen entrissen ihm die Klinge, doch der Angreifer konnte sich losrei\u00dfen und ergriff die Flucht.<\/p>\n<p>Die Polizei r\u00fcckte an und fahndete nach dem Mann. Wenig sp\u00e4ter klickten am U-Bahnhof Sophie-Charlotte-Platz die Handschellen. Der 32-J\u00e4hrige kam mit zwei leichten Schnittverletzungen an Hals und Schulter davon.<\/p>\n<p>Polizei ermittelt Hintergr\u00fcnde<\/p>\n<p>Was genau den <a href=\"https:\/\/www.bild.de\/themen\/specials\/streit\/news-fotos-videos-33301920.bild.html\" class=\"text-link\" target=\"_blank\" rel=\"noopener\">Streit<\/a> zwischen den beiden Restaurant-Mitarbeitern ausl\u00f6ste, ist noch unklar. Die Ermittlungen der Polizei zu den Hintergr\u00fcnden der gef\u00e4hrlichen Auseinandersetzung dauern an.<\/p>\n","protected":false},"excerpt":{"rendered":"Berlin \u2013 In der K\u00fcche eines Restaurants in Charlottenburg flog ein Streit zwischen zwei Kollegen v\u00f6llig aus dem&hellip;\n","protected":false},"author":2,"featured_media":602322,"comment_status":"","ping_status":"","sticky":false,"template":"","format":"standard","meta":{"footnotes":""},"categories":[1825],"tags":[1941,1939,2140,296,1937,111944,1738,29,30,1981,1940,1938,121,4651,138370,45],"class_list":{"0":"post-602321","1":"post","2":"type-post","3":"status-publish","4":"format-standard","5":"has-post-thumbnail","7":"category-berlin","8":"tag-aktuelle-nachrichten-aus-berlin","9":"tag-aktuelle-news-aus-berlin","10":"tag-angriff","11":"tag-berlin","12":"tag-berlin-news","13":"tag-content-pipeline","14":"tag-desk-delta","15":"tag-deutschland","16":"tag-germany","17":"tag-messer","18":"tag-nachrichten-aus-berlin","19":"tag-news-aus-berlin","20":"tag-polizei","21":"tag-schlaegerei","22":"tag-team-first","23":"tag-texttospeech"},"share_on_mastodon":{"url":"https:\/\/pubeurope.com\/@de\/115613069801190507","error":""},"_links":{"self":[{"href":"https:\/\/www.europesays.com\/de\/wp-json\/wp\/v2\/posts\/602321","targetHints":{"allow":["GET"]}}],"collection":[{"href":"https:\/\/www.europesays.com\/de\/wp-json\/wp\/v2\/posts"}],"about":[{"href":"https:\/\/www.europesays.com\/de\/wp-json\/wp\/v2\/types\/post"}],"author":[{"embeddable":true,"href":"https:\/\/www.europesays.com\/de\/wp-json\/wp\/v2\/users\/2"}],"replies":[{"embeddable":true,"href":"https:\/\/www.europesays.com\/de\/wp-json\/wp\/v2\/comments?post=602321"}],"version-history":[{"count":0,"href":"https:\/\/www.europesays.com\/de\/wp-json\/wp\/v2\/posts\/602321\/revisions"}],"wp:featuredmedia":[{"embeddable":true,"href":"https:\/\/www.europesays.com\/de\/wp-json\/wp\/v2\/media\/602322"}],"wp:attachment":[{"href":"https:\/\/www.europesays.com\/de\/wp-json\/wp\/v2\/media?parent=602321"}],"wp:term":[{"taxonomy":"category","embeddable":true,"href":"https:\/\/www.europesays.com\/de\/wp-json\/wp\/v2\/categories?post=602321"},{"taxonomy":"post_tag","embeddable":true,"href":"https:\/\/www.europesays.com\/de\/wp-json\/wp\/v2\/tags?post=602321"}],"curies":[{"name":"wp","href":"https:\/\/api.w.org\/{rel}","templated":true}]}}