{"id":602411,"date":"2025-11-26T00:54:14","date_gmt":"2025-11-26T00:54:14","guid":{"rendered":"https:\/\/www.europesays.com\/de\/602411\/"},"modified":"2025-11-26T00:54:14","modified_gmt":"2025-11-26T00:54:14","slug":"iw-studie-deutschland-ist-spitzenreiter-bei-sozialausgaben-und-schlusslicht-bei-bildung","status":"publish","type":"post","link":"https:\/\/www.europesays.com\/de\/602411\/","title":{"rendered":"IW-Studie: Deutschland ist Spitzenreiter bei Sozialausgaben \u2013 und Schlusslicht bei Bildung"},"content":{"rendered":"<p>Die nordischen L\u00e4nder gelten als Sozial-Paradiese. Die Nord-Europ\u00e4er geben 40 Prozent ihrer Staatsausgaben f\u00fcr soziale Sicherung aus. Nun ist Deutschland die Nummer eins mit 41 Prozent. Das ergibt eine IW-Studie.<\/p>\n<p class=\"is-first-paragraph\" data-external=\"Article.FirstParagraph\">Deutschland gibt mit 41 Prozent der Gesamtausgaben mehr Geld f\u00fcr die soziale Sicherung aus als andere europ\u00e4ische Staaten, einschlie\u00dflich der nordischen L\u00e4nder. Das geht aus einer Studie des Instituts der deutschen Wirtschaft (IW) hervor, \u00fcber die die \u201eRheinische Post\u201c berichtet. Knapp die H\u00e4lfte der Mittel entf\u00e4llt den Angaben zufolge auf die Alterssicherung. <\/p>\n<p>Die nordischen L\u00e4nder sowie \u00d6sterreich und die Schweiz geben jeweils 40 Prozent f\u00fcr die soziale Sicherung aus, in den Benelux-L\u00e4ndern sind es 38 Prozent. Der EU-Durchschnitt liegt bei 39 Prozent. Bei Ausgaben f\u00fcr das Gesundheitswesen (16 Prozent) liegt Deutschland zusammen mit den Benelux- und den nordischen L\u00e4ndern an der Spitze. <\/p>\n<p>F\u00fcr die Studie untersuchten die Forscher jeweils die sozialen Sicherungssysteme ohne Alterssicherung und die Ausgaben f\u00fcr die Alterssicherung. In der ersten Kategorie liegt Deutschland hinter den Beneluxl\u00e4ndern. Der Ausgabenanteil der nordischen L\u00e4nder ging von 26 auf rund 21 Prozent zur\u00fcck.<\/p>\n<p>Etwa die H\u00e4lfte der Ausgaben f\u00fcr soziale Sicherung entf\u00e4llt auf die Alterssicherung. Hei\u00dft auch: Die nordischen L\u00e4nder haben zu Deutschland aufgeschlossen, w\u00e4hrend die Bundesrepublik hier unter EU-Durchschnitt liegt. <\/p>\n<p>Fasst man die Ausgaben f\u00fcr soziale Sicherung und Alterssicherung zusammen, ist Deutschland dann Spitzenreiter. <\/p>\n<p>Mitten im Rentenstreit und zu Beginn der Haushaltswoche r\u00e4t das arbeitgebernahe Institut im Fazit der Bundespolitik, \u201eeinem weiteren Aufwuchs der staatlichen Aktivit\u00e4t und vor allem der Sozialausgaben entgegenzutreten\u201c. Das gelte auch f\u00fcr Ausgaben im Gesundheitswesen.<\/p>\n<p>Hohe Verwaltungskosten, Schlusslicht bei Bildung<\/p>\n<p>Das IW hat die Ausgaben Deutschlands insgesamt und in verschiedenen Bereichen f\u00fcr die Jahre 2001 bis 2023 untersucht. Als westeurop\u00e4ische Vergleichsregionen hat das Institut die Benelux-L\u00e4nder, \u00d6sterreich und die Schweiz sowie die nordischen L\u00e4nder D\u00e4nemark, Schweden, Norwegen, Finnland und Island herangezogen, die mit Blick auf ihre wirtschaftliche Entwicklung und kulturelle Pr\u00e4gung Deutschland relativ \u00e4hnlich sind.<\/p>\n<p>Im Vergleich besonders hoch sind demnach hierzulande auch die Ausgaben f\u00fcr die \u00f6ffentliche Verwaltung, die in Deutschland \u00fcber den Untersuchungszeitraum kr\u00e4ftig gestiegen seien \u2013 von 7,2 auf zuletzt 11 Prozent. Schlusslicht ist Deutschland dagegen im Bildungsbereich mit zuletzt 9,3 Prozent der Gesamtausgaben. \u00d6sterreich und die Schweiz liegen der Studie zufolge fast 50 Prozent dar\u00fcber. <\/p>\n<p>Auch bei Personal (17 Prozent) und \u00f6ffentlichen Investitionen (6,2 Prozent) hinkt Deutschland im Erfassungszeitraum hinterher. <\/p>\n<p>Verteidigungsausgaben besonders im Norden gestiegen<\/p>\n<p>Seit dem russischen Einmarsch in die Ukraine im Februar 2022 ist der Anteil der Verteidigungsausgaben nach einem vor\u00fcbergehenden Abfall bis Mitte der 2010er-Jahre vor allem in den nordischen L\u00e4ndern wieder gestiegen. Gemessen an den Gesamtausgaben betrug dieser zuletzt 3,4 Prozent. Das entspricht in etwa dem Wert des Jahres 2001. Der EU-Durchschnitt fiel dagegen von 3,0 auf 2,8 Prozent, die Benelux-L\u00e4nder von 3,0 auf 2,6 Prozent und \u00d6sterreich\/Schweiz von 2,4 auf 1,9 Prozent. Deutschland hielt seinen Wert von etwa 2,3 Prozent.<\/p>\n<p>Gemessen an der Wirtschaftsleistung, die auch die Berechnungsgrundlage f\u00fcr das Zwei-Prozent-Ziel der Nato ist, sieht die Lage etwas anders aus. Demnach lag der Anteil der Verteidigungsausgaben in allen verglichenen L\u00e4ndern und L\u00e4ndergruppen unterhalb von zwei Prozent, wobei die nordischen L\u00e4nder mit Werten von 1,3 bis 1,7 Prozent vorn lagen. Deutschland kam auf 1,1 Prozent. In \u00d6sterreich und der Schweiz, die beide nicht der Nato angeh\u00f6ren, ging der Wert gar von 1,0 auf 0,7 Prozent zur\u00fcck. Das IW erwartet aber aufgrund der geopolitischen Entwicklungen steigende Ausgaben in ganz Europa.<\/p>\n<p>dpa\/reu\/fro\/ll<\/p>\n","protected":false},"excerpt":{"rendered":"Die nordischen L\u00e4nder gelten als Sozial-Paradiese. Die Nord-Europ\u00e4er geben 40 Prozent ihrer Staatsausgaben f\u00fcr soziale Sicherung aus. Nun&hellip;\n","protected":false},"author":2,"featured_media":602412,"comment_status":"","ping_status":"","sticky":false,"template":"","format":"standard","meta":{"footnotes":""},"categories":[2],"tags":[331,3924,332,3922,142912,53530,3364,29,30,13,142911,14,3923,15,3921,110,142910,379,12,129152],"class_list":{"0":"post-602411","1":"post","2":"type-post","3":"status-publish","4":"format-standard","5":"has-post-thumbnail","7":"category-deutschland","8":"tag-aktuelle-nachrichten","9":"tag-aktuelle-nachrichten-aus-deutschland","10":"tag-aktuelle-news","11":"tag-aktuelle-news-aus-deutschland","12":"tag-arbeitslosengeld-ks","13":"tag-buergergeld-ks","14":"tag-de","15":"tag-deutschland","16":"tag-germany","17":"tag-headlines","18":"tag-krankengeld-ks","19":"tag-nachrichten","20":"tag-nachrichten-aus-deutschland","21":"tag-news","22":"tag-news-aus-deutschland","23":"tag-newsteam","24":"tag-pflegegeld-ks","25":"tag-rente","26":"tag-schlagzeilen","27":"tag-sozialausgaben-ks"},"share_on_mastodon":{"url":"https:\/\/pubeurope.com\/@de\/115613274216363806","error":""},"_links":{"self":[{"href":"https:\/\/www.europesays.com\/de\/wp-json\/wp\/v2\/posts\/602411","targetHints":{"allow":["GET"]}}],"collection":[{"href":"https:\/\/www.europesays.com\/de\/wp-json\/wp\/v2\/posts"}],"about":[{"href":"https:\/\/www.europesays.com\/de\/wp-json\/wp\/v2\/types\/post"}],"author":[{"embeddable":true,"href":"https:\/\/www.europesays.com\/de\/wp-json\/wp\/v2\/users\/2"}],"replies":[{"embeddable":true,"href":"https:\/\/www.europesays.com\/de\/wp-json\/wp\/v2\/comments?post=602411"}],"version-history":[{"count":0,"href":"https:\/\/www.europesays.com\/de\/wp-json\/wp\/v2\/posts\/602411\/revisions"}],"wp:featuredmedia":[{"embeddable":true,"href":"https:\/\/www.europesays.com\/de\/wp-json\/wp\/v2\/media\/602412"}],"wp:attachment":[{"href":"https:\/\/www.europesays.com\/de\/wp-json\/wp\/v2\/media?parent=602411"}],"wp:term":[{"taxonomy":"category","embeddable":true,"href":"https:\/\/www.europesays.com\/de\/wp-json\/wp\/v2\/categories?post=602411"},{"taxonomy":"post_tag","embeddable":true,"href":"https:\/\/www.europesays.com\/de\/wp-json\/wp\/v2\/tags?post=602411"}],"curies":[{"name":"wp","href":"https:\/\/api.w.org\/{rel}","templated":true}]}}