{"id":602488,"date":"2025-11-26T01:38:12","date_gmt":"2025-11-26T01:38:12","guid":{"rendered":"https:\/\/www.europesays.com\/de\/602488\/"},"modified":"2025-11-26T01:38:12","modified_gmt":"2025-11-26T01:38:12","slug":"28-years-later-erscheint-noch-im-dezember-2025-bei-netflix-schnittberichte-com","status":"publish","type":"post","link":"https:\/\/www.europesays.com\/de\/602488\/","title":{"rendered":"28 Years Later erscheint noch im Dezember 2025 bei Netflix &#8211; Schnittberichte.com"},"content":{"rendered":"<ol>\n<li><a href=\"https:\/\/news.google.com\/rss\/articles\/CBMiYEFVX3lxTE9IXzROM0tCbVNSb2FjeU9kQTBSRWZZYjgyNzV5aXl1eVB6TU9QblNHTDZsY3huVUZvLWdCMDkxNjZMa1dnbm9LVjBLb3o2Y1ZvMUt6TWF5d2F6UFhXb2EteQ?oc=5\" target=\"_blank\" rel=\"nofollow noopener\">28 Years Later erscheint noch im Dezember 2025 bei Netflix<\/a>&nbsp;&nbsp;Schnittberichte.com<\/li>\n<li><a href=\"https:\/\/news.google.com\/rss\/articles\/CBMib0FVX3lxTE9WRkFlS3dHUXFDdnBnU3FVeDhuNU8zbWJjNmtybFNNLWd2NHBwWk80c2hkcFRfQnpWRVRRX252UlVFSjZCR2xBY1Q5Y09adVBfai1hYWRGLUJ1TXZsN1FTbXU4MzZvd1pYdFpyRmVLYw?oc=5\" target=\"_blank\" rel=\"nofollow noopener\">Community-Meinung zu 28 Years Later<\/a>&nbsp;&nbsp;moviepilot.de<\/li>\n<li><a href=\"https:\/\/news.google.com\/rss\/articles\/CBMibkFVX3lxTE1Kd3FaTUxvODctc0t3RG1nd1czQ25WWHJZUUwwd21sTDdSa2ltd2pOVlV5UVJsV29OTVlLQkp1ZU1GTk42RjBQblNYNmNtZkNTOVVJTHRHdGNtZGJMTlhZNmd4TXBmcGk3Z0I4Y3p3?oc=5\" target=\"_blank\" rel=\"nofollow noopener\">Community-Meinung zu 28 Days Later<\/a>&nbsp;&nbsp;moviepilot.de<\/li>\n<li><a href=\"https:\/\/news.google.com\/rss\/articles\/CBMiwgFBVV95cUxQVDgwRURMWVZVNTgzSVdqRFhsSHhGRjFDdW9ucmV3SWlCWVVQUXNVWWhUZXpuY2xKZ2dnc04wZkFQTURmVXhQV1IweTF4ajRnbVNpR2xVZlNXWVNiRXJ3TV80dEhRaDBPUXphNXl6Tlk2dkprNDB0TlFPN1FtdFp6LTJpR1RhSTFaZUVqWVp6SERIOVljTm9ha3lBSWQwSlB2S3JkbnV1TWpHV2hOWHMwU1BzMjJ3ZVZKNEdOckpocURrZw?oc=5\" target=\"_blank\" rel=\"nofollow noopener\">Eine der gr\u00f6\u00dften Horror-Sensationen des Jahres kommt \u00fcberraschend schnell zu Netflix: Vor 5 Monaten startete sie im Kino<\/a>&nbsp;&nbsp;moviepilot.de<\/li>\n<\/ol>\n","protected":false},"excerpt":{"rendered":"28 Years Later erscheint noch im Dezember 2025 bei Netflix&nbsp;&nbsp;Schnittberichte.com Community-Meinung zu 28 Years Later&nbsp;&nbsp;moviepilot.de Community-Meinung zu 28&hellip;\n","protected":false},"author":2,"featured_media":1656,"comment_status":"","ping_status":"","sticky":false,"template":"","format":"standard","meta":{"footnotes":""},"categories":[1771],"tags":[1778,29,214,30,95,1777,215],"class_list":{"0":"post-602488","1":"post","2":"type-post","3":"status-publish","4":"format-standard","5":"has-post-thumbnail","7":"category-kino","8":"tag-cinema","9":"tag-deutschland","10":"tag-entertainment","11":"tag-germany","12":"tag-kino","13":"tag-movie","14":"tag-unterhaltung"},"share_on_mastodon":{"url":"https:\/\/pubeurope.com\/@de\/115613447219990627","error":""},"_links":{"self":[{"href":"https:\/\/www.europesays.com\/de\/wp-json\/wp\/v2\/posts\/602488","targetHints":{"allow":["GET"]}}],"collection":[{"href":"https:\/\/www.europesays.com\/de\/wp-json\/wp\/v2\/posts"}],"about":[{"href":"https:\/\/www.europesays.com\/de\/wp-json\/wp\/v2\/types\/post"}],"author":[{"embeddable":true,"href":"https:\/\/www.europesays.com\/de\/wp-json\/wp\/v2\/users\/2"}],"replies":[{"embeddable":true,"href":"https:\/\/www.europesays.com\/de\/wp-json\/wp\/v2\/comments?post=602488"}],"version-history":[{"count":0,"href":"https:\/\/www.europesays.com\/de\/wp-json\/wp\/v2\/posts\/602488\/revisions"}],"wp:featuredmedia":[{"embeddable":true,"href":"https:\/\/www.europesays.com\/de\/wp-json\/wp\/v2\/media\/1656"}],"wp:attachment":[{"href":"https:\/\/www.europesays.com\/de\/wp-json\/wp\/v2\/media?parent=602488"}],"wp:term":[{"taxonomy":"category","embeddable":true,"href":"https:\/\/www.europesays.com\/de\/wp-json\/wp\/v2\/categories?post=602488"},{"taxonomy":"post_tag","embeddable":true,"href":"https:\/\/www.europesays.com\/de\/wp-json\/wp\/v2\/tags?post=602488"}],"curies":[{"name":"wp","href":"https:\/\/api.w.org\/{rel}","templated":true}]}}