{"id":602511,"date":"2025-11-26T01:52:17","date_gmt":"2025-11-26T01:52:17","guid":{"rendered":"https:\/\/www.europesays.com\/de\/602511\/"},"modified":"2025-11-26T01:52:17","modified_gmt":"2025-11-26T01:52:17","slug":"mittelwald-nimmt-gestalt-an-lokalklick-eu","status":"publish","type":"post","link":"https:\/\/www.europesays.com\/de\/602511\/","title":{"rendered":"Mittelwald nimmt Gestalt an &#8211; LokalKlick.eu"},"content":{"rendered":"<p>            <a href=\"https:\/\/lokalklick.eu\/wp-content\/uploads\/2025\/11\/VIE_2025-11-18-0615-FOTO-mittelwald.jpg\" data-caption=\"v.l. Stadtf\u00f6rster Markus Manns, Matthias Pasch (Abteilungsleiter Stadtgr\u00fcn und Forsten), die Technische Beigeordnete Susanne Fritzsche, Moritz Museller (Abteilung Stadtgr\u00fcn und Forsten) und B\u00fcrgermeister Christoph Hopp (Foto: Stadt Viersen)\" target=\"_blank\" rel=\"noopener\"><img loading=\"lazy\" decoding=\"async\" width=\"696\" height=\"368\" class=\"entry-thumb td-modal-image\" src=\"https:\/\/www.europesays.com\/de\/wp-content\/uploads\/2025\/11\/VIE_2025-11-18-0615-FOTO-mittelwald-696x368.jpg\"   alt=\"\" title=\"VIE_2025-11-18-0615-FOTO-mittelwald\"\/><\/a>v.l. Stadtf\u00f6rster Markus Manns, Matthias Pasch (Abteilungsleiter Stadtgr\u00fcn und Forsten), die Technische Beigeordnete Susanne Fritzsche, Moritz Museller (Abteilung Stadtgr\u00fcn und Forsten) und B\u00fcrgermeister Christoph Hopp (Foto: Stadt Viersen)<br \/>\n            Anzeigen<a href=\"https:\/\/www.st-augustinus-kliniken.de\/\" target=\"_blank\" rel=\"noopener\"><img decoding=\"async\" src=\"https:\/\/www.europesays.com\/de\/wp-content\/uploads\/2025\/11\/221124-Banner-Advent-2184x810-TR-V01-RZ.jpg\"\/><\/a><\/p>\n<p><\/p>\n<p><a href=\"https:\/\/www.rugana.de\/de\/Mecklenburg-Vorpommern\/Insel.Ruegen\/D41\" target=\"_blank\" rel=\"noopener\"><img decoding=\"async\" src=\"https:\/\/www.europesays.com\/de\/wp-content\/uploads\/2025\/04\/FeWo-Dranske-2-1456.jpg\"\/><\/a><\/p>\n<p><\/p>\n<p><strong>Viersen. <\/strong>Mit einem ersten Pflanztermin am Samstag,15. November 2025, ist das st\u00e4dtische Projekt \u201eMittelwald\u201c gestartet. B\u00fcrgermeister Christoph Hopp setzte auf einer st\u00e4dtischen Fl\u00e4che zwischen der Autobahn A61 und den S\u00fcchtelner H\u00f6hen die erste von geplanten 50 Traubeneichen. Mehrere Privatleute pflanzten von ihnen gespendete Gedenkb\u00e4ume.<\/p>\n<p>\u201eBaum f\u00fcr Baum, Stadt.Wald.Viersen, 15. November 2025, Stadt Viersen\u201c \u2013 so lautet die Inschrift der Holztafel, die den allerersten Baum des Projekts \u201eMittelwald\u201c schm\u00fcckt. B\u00fcrgermeister Christoph Hopp war pers\u00f6nlich erschienen, um den Anfangspunkt f\u00fcr den neuen st\u00e4dtischen Gedenkwald zu setzen. Tatkr\u00e4ftig unterst\u00fctzt beim Einpflanzen wurde Hopp von Moritz Museller und Matthias Pasch von der st\u00e4dtischen Abteilung Stadtgr\u00fcn und Forsten. Ebenfalls beim Pflanzakt dabei waren Stadtf\u00f6rster Markus Manns und Beigeordnete Susanne Fritzsche.<\/p>\n<p>Rund 30 Privatleute waren dem Aufruf in der September-Ausgabe von \u201eViersen aktuell\u201c gefolgt und hatten sich f\u00fcr eine Baumspende entschieden. Auch sie waren zum ersten Pflanztermin an der Fl\u00e4che zwischen A61 und Hohem Busch erschienen. Kinder und Familien, Junge und Alte trotzten dem beharrlichen November-Nieselregen und pflanzten flei\u00dfig die von ihnen gespendeten Traubeneichen.<\/p>\n<p>Auf der 2,75 Hektar gro\u00dfen Fl\u00e4che werden insgesamt 50 Traubeneichen in einem Pflanzabstand von 23 mal 23 Metern zueinander gesetzt. Privatleute erhalten die Gelegenheit einen solchen Baum als Gedenkbaum zu spenden. Eine kleine Holztafel beschreibt den jeweiligen Gedenk-Anlass. Sie wird im Zuge der Spende nach den W\u00fcnschen der Spendenden beschriftet. Die Traubeneichen sollen sp\u00e4ter einmal die geplante Unterpflanzung aus der Buchen, Hainbuchen und Linden \u00fcberschirmen.<\/p>\n<p>Um die Pflege des Mittelwaldes k\u00fcmmert sich die Abteilung Stadtgr\u00fcn und Forsten. Deren Mitarbeitende werden die Buchen und Hainbuchen regelm\u00e4\u00dfig auf Stock setzen. Je nach Wuchsbedingungen ist das nach 10 bis 20 Jahren der Fall. \u201eDas Schnittholz wird zum Beispiel f\u00fcr die st\u00e4dtische Hackschnitzelherstellung verwendet\u201c, sagt Matthias Pasch.<\/p>\n<p>Eine weitere Pflanzaktion mit gespendeten Traubeneichen ist f\u00fcr das Fr\u00fchjahr 2026 geplant. Interessierte, die f\u00fcr den Mittelwald einen \u201eeigenen\u201c Gedenkbaum spenden wollen, k\u00f6nnen sich an Stadtf\u00f6rster Markus Manns wenden. Kontakt: Telefon 02162 101-481, E-Mail <a href=\"https:\/\/lokalklick.eu\/2025\/11\/26\/mittelwald-nimmt-gestalt-an\/mailto:markus.manns@viersen.de\" target=\"_blank\" rel=\"noopener noreferrer\">markus.manns@viersen.de<\/a>.<\/p>\n","protected":false},"excerpt":{"rendered":"v.l. Stadtf\u00f6rster Markus Manns, Matthias Pasch (Abteilungsleiter Stadtgr\u00fcn und Forsten), die Technische Beigeordnete Susanne Fritzsche, Moritz Museller (Abteilung&hellip;\n","protected":false},"author":2,"featured_media":602512,"comment_status":"","ping_status":"","sticky":false,"template":"","format":"standard","meta":{"footnotes":""},"categories":[1849],"tags":[3364,29,548,663,3934,30,13,4455,14,15,1209,12],"class_list":{"0":"post-602511","1":"post","2":"type-post","3":"status-publish","4":"format-standard","5":"has-post-thumbnail","7":"category-moenchengladbach","8":"tag-de","9":"tag-deutschland","10":"tag-eu","11":"tag-europa","12":"tag-europe","13":"tag-germany","14":"tag-headlines","15":"tag-moenchengladbach","16":"tag-nachrichten","17":"tag-news","18":"tag-nordrhein-westfalen","19":"tag-schlagzeilen"},"share_on_mastodon":{"url":"https:\/\/pubeurope.com\/@de\/115613502961131030","error":""},"_links":{"self":[{"href":"https:\/\/www.europesays.com\/de\/wp-json\/wp\/v2\/posts\/602511","targetHints":{"allow":["GET"]}}],"collection":[{"href":"https:\/\/www.europesays.com\/de\/wp-json\/wp\/v2\/posts"}],"about":[{"href":"https:\/\/www.europesays.com\/de\/wp-json\/wp\/v2\/types\/post"}],"author":[{"embeddable":true,"href":"https:\/\/www.europesays.com\/de\/wp-json\/wp\/v2\/users\/2"}],"replies":[{"embeddable":true,"href":"https:\/\/www.europesays.com\/de\/wp-json\/wp\/v2\/comments?post=602511"}],"version-history":[{"count":0,"href":"https:\/\/www.europesays.com\/de\/wp-json\/wp\/v2\/posts\/602511\/revisions"}],"wp:featuredmedia":[{"embeddable":true,"href":"https:\/\/www.europesays.com\/de\/wp-json\/wp\/v2\/media\/602512"}],"wp:attachment":[{"href":"https:\/\/www.europesays.com\/de\/wp-json\/wp\/v2\/media?parent=602511"}],"wp:term":[{"taxonomy":"category","embeddable":true,"href":"https:\/\/www.europesays.com\/de\/wp-json\/wp\/v2\/categories?post=602511"},{"taxonomy":"post_tag","embeddable":true,"href":"https:\/\/www.europesays.com\/de\/wp-json\/wp\/v2\/tags?post=602511"}],"curies":[{"name":"wp","href":"https:\/\/api.w.org\/{rel}","templated":true}]}}