{"id":602642,"date":"2025-11-26T03:07:20","date_gmt":"2025-11-26T03:07:20","guid":{"rendered":"https:\/\/www.europesays.com\/de\/602642\/"},"modified":"2025-11-26T03:07:20","modified_gmt":"2025-11-26T03:07:20","slug":"brasiliens-ex-praesident-bolsonaro-muss-27-jahre-haft-antreten-fluchtverdacht-nach-beschaedigter-fussfessel","status":"publish","type":"post","link":"https:\/\/www.europesays.com\/de\/602642\/","title":{"rendered":"Brasiliens Ex-Pr\u00e4sident: Bolsonaro muss 27 Jahre Haft antreten \u2013 Fluchtverdacht nach besch\u00e4digter Fu\u00dffessel"},"content":{"rendered":"<p>Jair Bolsonaro hat im Prozess um den geplanten Staatsstreich alle Rechtsmittel verloren \u2013 die 27-j\u00e4hrige Haftstrafe ist rechtskr\u00e4ftig. Nach der mutma\u00dflichen Manipulation seiner Fu\u00dffessel wurde der Ex-Pr\u00e4sident aus dem Hausarrest ins Gef\u00e4ngnis verlegt.<\/p>\n<p class=\"is-first-paragraph\" data-external=\"Article.FirstParagraph\">Brasiliens Ex-Pr\u00e4sident <a class=\"is-link c-block-items__link c-link--rich-text-renderer\" href=\"https:\/\/www.welt.de\/themen\/jair-bolsonaro\/\" data-internal-tracking-enabled=\"true\" data-internal-tracking=\"{&quot;action&quot;:&quot;click&quot;,&quot;label&quot;:&quot;link&quot;,&quot;name&quot;:&quot;Inline Element&quot;,&quot;data&quot;:{&quot;source&quot;:&quot;&quot;,&quot;target&quot;:&quot;https:\/\/www.welt.de\/themen\/jair-bolsonaro\/&quot;,&quot;trackingName&quot;:&quot;&quot;,&quot;trackingLabel&quot;:&quot;&quot;}}\" rel=\"nofollow noopener\" target=\"_blank\">Jair Bolsonaro<\/a> hat dem Obersten Gericht des Landes zufolge alle Rechtsmittel im Fall seiner Verurteilung wegen eines geplanten Umsturzes ausgesch\u00f6pft. Der ultrarechte fr\u00fchere Staatschef m\u00fcsse deshalb die gesamte 27-j\u00e4hrige Haftstrafe verb\u00fc\u00dfen, erkl\u00e4rte das Gericht am Dienstag. Bolsonaro war am Samstag nach der Besch\u00e4digung seiner elektronischen Fu\u00dffessel wegen \u201eerh\u00f6hter Fluchtgefahr\u201c aus dem Hausarrest ins Gef\u00e4ngnis verlegt worden.<\/p>\n<p>Vor wenigen Tagen hatte das Oberste Gericht eine erste Berufung Bolsonaros gegen das Urteil abgewiesen. Seine Verteidiger verzichteten darauf, eine weitere Berufung gegen das Urteil einzulegen, das somit nun rechtskr\u00e4ftig wurde. Unklarheit herrschte zun\u00e4chst weiterhin dar\u00fcber, wo der 70-J\u00e4hrige seine Haftstrafe verb\u00fc\u00dfen werden muss.<\/p>\n<p>Das Gericht hatte den ultrarechten Ex-Pr\u00e4sidenten im September wegen eines geplanten Umsturzes zu mehr als 27 Jahren Gef\u00e4ngnis verurteilt. Bolsonaro, der Brasilien von 2019 bis 2022 regierte, war schuldig gesprochen worden, eine \u201ekriminelle Organisation\u201c angef\u00fchrt zu haben, die seine Wahlniederlage von 2022 gegen den heutigen linksgerichteten Pr\u00e4sidenten Luiz In\u00e1cio Lula da Silva kippen wollte.<\/p>\n<p>Das Oberste Gericht gelangte zu dem Schluss, dass er seine Anh\u00e4nger zur Erst\u00fcrmung des Obersten Gerichts, des Pr\u00e4sidentenpalastes und des Kongresses in der Hauptstadt Bras\u00edlia am 8. Januar 2023 angestiftet hatte. Hunderte Unterst\u00fctzer Bolsonaros waren damals in die Geb\u00e4ude eingedrungen und hatten dort schwere Verw\u00fcstungen angerichtet. Die Szenen der Gewalt erinnerten an den Angriff von Anh\u00e4ngern des damals abgew\u00e4hlten US-Pr\u00e4sidenten Donald Trump auf das Kapitol in Washington zwei Jahre zuvor.<\/p>\n<p>Fu\u00dffessel mit L\u00f6tkolben besch\u00e4digt<\/p>\n<p>Am Samstag war Bolsonaro nach der Besch\u00e4digung seiner elektronischen Fu\u00dffessel mit einem L\u00f6tkolben wegen Fluchtgefahr in Haft genommen worden. Auf Anweisung des Obersten Gerichts wurde er vom Hausarrest ins Gef\u00e4ngnis verlegt. Bolsonaro habe \u201edas elektronische \u00dcberwachungsger\u00e4t vors\u00e4tzlicherweise und bewussterweise\u201c besch\u00e4digt, urteilte der Oberste Richter Alexandre de Moraes. <\/p>\n<p>Bei einer geplanten Mahnwache f\u00fcr Bolsonaro vor seinem Haus habe es zudem \u201esehr ernsthafte Hinweise auf einen m\u00f6glichen Fluchtversuch\u201c gegeben, sagte de Moraes. Er verwies auf die N\u00e4he von Bolsonaros Haus, in dem er sich in Hausarrest befand, zu der US-Botschaft sowie die enge Beziehung des Ex-Pr\u00e4sidenten zu US-Pr\u00e4sident Trump. Er deutete an, Bolsonaro habe zu fliehen versucht, um in den USA politisches Asyl zu beantragen.<\/p>\n<p>AFP\/cvb<\/p>\n","protected":false},"excerpt":{"rendered":"Jair Bolsonaro hat im Prozess um den geplanten Staatsstreich alle Rechtsmittel verloren \u2013 die 27-j\u00e4hrige Haftstrafe ist rechtskr\u00e4ftig.&hellip;\n","protected":false},"author":2,"featured_media":602643,"comment_status":"","ping_status":"","sticky":false,"template":"","format":"standard","meta":{"footnotes":""},"categories":[3],"tags":[82394,5697,143776,13,91194,14,15,110,12,10,8,9,11,103,104],"class_list":{"0":"post-602642","1":"post","2":"type-post","3":"status-publish","4":"format-standard","5":"has-post-thumbnail","7":"category-welt","8":"tag-bolsonaro","9":"tag-brasilien","10":"tag-elektronische-fussfessel-ks","11":"tag-headlines","12":"tag-jair","13":"tag-nachrichten","14":"tag-news","15":"tag-newsteam","16":"tag-schlagzeilen","17":"tag-top-news","18":"tag-top-meldungen","19":"tag-topmeldungen","20":"tag-topnews","21":"tag-welt","22":"tag-world"},"share_on_mastodon":{"url":"https:\/\/pubeurope.com\/@de\/115613797400650428","error":""},"_links":{"self":[{"href":"https:\/\/www.europesays.com\/de\/wp-json\/wp\/v2\/posts\/602642","targetHints":{"allow":["GET"]}}],"collection":[{"href":"https:\/\/www.europesays.com\/de\/wp-json\/wp\/v2\/posts"}],"about":[{"href":"https:\/\/www.europesays.com\/de\/wp-json\/wp\/v2\/types\/post"}],"author":[{"embeddable":true,"href":"https:\/\/www.europesays.com\/de\/wp-json\/wp\/v2\/users\/2"}],"replies":[{"embeddable":true,"href":"https:\/\/www.europesays.com\/de\/wp-json\/wp\/v2\/comments?post=602642"}],"version-history":[{"count":0,"href":"https:\/\/www.europesays.com\/de\/wp-json\/wp\/v2\/posts\/602642\/revisions"}],"wp:featuredmedia":[{"embeddable":true,"href":"https:\/\/www.europesays.com\/de\/wp-json\/wp\/v2\/media\/602643"}],"wp:attachment":[{"href":"https:\/\/www.europesays.com\/de\/wp-json\/wp\/v2\/media?parent=602642"}],"wp:term":[{"taxonomy":"category","embeddable":true,"href":"https:\/\/www.europesays.com\/de\/wp-json\/wp\/v2\/categories?post=602642"},{"taxonomy":"post_tag","embeddable":true,"href":"https:\/\/www.europesays.com\/de\/wp-json\/wp\/v2\/tags?post=602642"}],"curies":[{"name":"wp","href":"https:\/\/api.w.org\/{rel}","templated":true}]}}