{"id":602661,"date":"2025-11-26T03:19:21","date_gmt":"2025-11-26T03:19:21","guid":{"rendered":"https:\/\/www.europesays.com\/de\/602661\/"},"modified":"2025-11-26T03:19:21","modified_gmt":"2025-11-26T03:19:21","slug":"sparkasse-engagiert-sich-am-bundesweiten-vorlesetag-kinder-zu-gast-im-privatkunden-center","status":"publish","type":"post","link":"https:\/\/www.europesays.com\/de\/602661\/","title":{"rendered":"Sparkasse engagiert sich am Bundesweiten Vorlesetag: Kinder zu Gast im Privatkunden-Center"},"content":{"rendered":"<p>            <a href=\"https:\/\/lokalklick.eu\/wp-content\/uploads\/2025\/11\/DU_Pressefoto-Vorlesetag.jpg\" data-caption=\"(Foto: Sparkasse)\" rel=\"nofollow noopener\" target=\"_blank\"><img loading=\"lazy\" decoding=\"async\" width=\"696\" height=\"446\" class=\"entry-thumb td-modal-image\" src=\"https:\/\/www.europesays.com\/de\/wp-content\/uploads\/2025\/11\/DU_Pressefoto-Vorlesetag-696x446.jpg\"   alt=\"\" title=\"DU_Pressefoto Vorlesetag\"\/><\/a>(Foto: Sparkasse)<br \/>\n            Anzeigen<a href=\"https:\/\/www.st-augustinus-kliniken.de\/\" target=\"_blank\" rel=\"nofollow noopener\"><img decoding=\"async\" src=\"https:\/\/www.europesays.com\/de\/wp-content\/uploads\/2025\/11\/221124-Banner-Advent-2184x810-TR-V01-RZ.jpg\"\/><\/a><\/p>\n<p><\/p>\n<p><a href=\"https:\/\/www.rugana.de\/de\/Mecklenburg-Vorpommern\/Insel.Ruegen\/D41\" target=\"_blank\" rel=\"nofollow noopener\"><img decoding=\"async\" src=\"https:\/\/www.europesays.com\/de\/wp-content\/uploads\/2025\/04\/FeWo-Dranske-2-1456.jpg\"\/><\/a><\/p>\n<p><\/p>\n<p><strong>Kamp-Lintfort.<\/strong>\u00a0Zum diesj\u00e4hrigen Bundesweiten Vorlesetag hat die Sparkasse Duisburg am vergangenem Freitag Grundschulkindern der dritten Klasse der Ebertschule in Kamp-Lintfort eine besondere Erfahrung geboten.<\/p>\n<p>Im Rahmen der landesweiten Initiative, die sich zum Ziel setzt, das Lesen und die Lesefreude bei Kindern zu f\u00f6rdern, durften die Sch\u00fclerinnen und Sch\u00fcler das Privatkunden-Center in Kamp-Lintfort besuchen und erlebten eine abwechslungsreiche Begehung der Filiale. H\u00f6hepunkt des Besuchs war ein gemeinsames Vorlesen eines ausgew\u00e4hlten Kinderbuches durch den stellvertretenden Leiter Fabian Herrmann.<br \/>Der Bundesweite Vorlesetag hat das Ziel Kindern den Spa\u00df am Lesen n\u00e4herzubringen und sie f\u00fcr B\u00fccher und Geschichten zu begeistern. Auch die Sparkasse Duisburg hat sich wieder aktiv an dieser Aktion beteiligt, um das wichtige Thema der Lesef\u00f6rderung in der Region zu unterst\u00fctzen.<\/p>\n<p>\u201eLesen ist nicht nur eine wertvolle F\u00e4higkeit, sondern auch eine tolle M\u00f6glichkeit, in neue Welten einzutauchen und die eigene Fantasie zu entfalten\u201c, erkl\u00e4rte Vorlese-Pate Fabian Herrmann. \u201eWir freuen uns sehr, heute Teil dieses Projekts zu sein und den Kindern zu zeigen, wie spannend und wichtig B\u00fccher sein k\u00f6nnen \u2013 gerade auch in einer digitalen Welt.\u201c<\/p>\n<p>Neben dem Vorlesen erhielten die Kinder w\u00e4hrend der F\u00fchrung durch die Gesch\u00e4ftsstelle einen Blick hinter die Geldautomaten. Es wurde ein spielerischer Bezug zur Bedeutung des Sparens und der Finanzwelt hergestellt \u2013 nat\u00fcrlich angepasst an das Alter der Kinder.<\/p>\n","protected":false},"excerpt":{"rendered":"(Foto: Sparkasse) Anzeigen Kamp-Lintfort.\u00a0Zum diesj\u00e4hrigen Bundesweiten Vorlesetag hat die Sparkasse Duisburg am vergangenem Freitag Grundschulkindern der dritten Klasse&hellip;\n","protected":false},"author":2,"featured_media":602662,"comment_status":"","ping_status":"","sticky":false,"template":"","format":"standard","meta":{"footnotes":""},"categories":[1847],"tags":[3364,29,548,663,3934,30,13,2052,14,15,12,4544],"class_list":{"0":"post-602661","1":"post","2":"type-post","3":"status-publish","4":"format-standard","5":"has-post-thumbnail","7":"category-wiesbaden","8":"tag-de","9":"tag-deutschland","10":"tag-eu","11":"tag-europa","12":"tag-europe","13":"tag-germany","14":"tag-headlines","15":"tag-hessen","16":"tag-nachrichten","17":"tag-news","18":"tag-schlagzeilen","19":"tag-wiesbaden"},"share_on_mastodon":{"url":"https:\/\/pubeurope.com\/@de\/115613845652275187","error":""},"_links":{"self":[{"href":"https:\/\/www.europesays.com\/de\/wp-json\/wp\/v2\/posts\/602661","targetHints":{"allow":["GET"]}}],"collection":[{"href":"https:\/\/www.europesays.com\/de\/wp-json\/wp\/v2\/posts"}],"about":[{"href":"https:\/\/www.europesays.com\/de\/wp-json\/wp\/v2\/types\/post"}],"author":[{"embeddable":true,"href":"https:\/\/www.europesays.com\/de\/wp-json\/wp\/v2\/users\/2"}],"replies":[{"embeddable":true,"href":"https:\/\/www.europesays.com\/de\/wp-json\/wp\/v2\/comments?post=602661"}],"version-history":[{"count":0,"href":"https:\/\/www.europesays.com\/de\/wp-json\/wp\/v2\/posts\/602661\/revisions"}],"wp:featuredmedia":[{"embeddable":true,"href":"https:\/\/www.europesays.com\/de\/wp-json\/wp\/v2\/media\/602662"}],"wp:attachment":[{"href":"https:\/\/www.europesays.com\/de\/wp-json\/wp\/v2\/media?parent=602661"}],"wp:term":[{"taxonomy":"category","embeddable":true,"href":"https:\/\/www.europesays.com\/de\/wp-json\/wp\/v2\/categories?post=602661"},{"taxonomy":"post_tag","embeddable":true,"href":"https:\/\/www.europesays.com\/de\/wp-json\/wp\/v2\/tags?post=602661"}],"curies":[{"name":"wp","href":"https:\/\/api.w.org\/{rel}","templated":true}]}}