{"id":602975,"date":"2025-11-26T06:29:17","date_gmt":"2025-11-26T06:29:17","guid":{"rendered":"https:\/\/www.europesays.com\/de\/602975\/"},"modified":"2025-11-26T06:29:17","modified_gmt":"2025-11-26T06:29:17","slug":"krieg-gegen-die-ukraine-frieden-schaffen-mit-trumps-waffen","status":"publish","type":"post","link":"https:\/\/www.europesays.com\/de\/602975\/","title":{"rendered":"Krieg gegen die Ukraine: Frieden schaffen mit Trumps Waffen"},"content":{"rendered":"<p>                <a href=\"https:\/\/www.zeit.de\/serie\/fuenf-vor-acht\" class=\"article-series__heading\" data-ct-label=\"F\u00fcnf vor acht\" rel=\"nofollow noopener\" target=\"_blank\"><\/p>\n<p>\n                Aus der Serie:<br \/>\n                F\u00fcnf vor acht\n            <\/p>\n<p>        <\/a><\/p>\n<p>                    <a href=\"https:\/\/www.zeit.de\/autoren\/N\/Matthias_Nass\/index.xml\" title=\"Matthias Na\u00df\" data-ct-row=\"author\" data-ct-column=\"false\" data-ct-label=\"image\" rel=\"nofollow noopener\" target=\"_blank\"><br \/>\n    <img loading=\"lazy\" decoding=\"async\" class=\"article-header__author-image\" alt=\"Matthias Na\u00df\"  src=\"https:\/\/www.europesays.com\/de\/wp-content\/uploads\/2025\/11\/square__46x46.png\" width=\"46\" height=\"46\" \/><\/p>\n<p>    <\/a><\/p>\n<p>\n                        Der US-Pr\u00e4sident droht der Ukraine, ihr Schutz und Hilfe zu entziehen. Darf man einen Krieg so beenden \u2013 mit Verrat ?\n                    <\/p>\n<p>        26. November 2025, 7:27 Uhr\n    <\/p>\n<p>                Schlie\u00dfen<br \/>\n                Artikelzusammenfassung<\/p>\n<p>Die Diplomatie Trumps: Brachial, aber effektiv? Der 28-Punkte-Plan f\u00fcr die Ukraine sorgt f\u00fcr Aufregung. Verrat oder neue Dynamik? Europa steht vor einer politischen Herausforderung. Trotz Skandal: Verhandlungen mit Russland scheinen m\u00f6glich. Die Waffen Trumps: Zynismus, Erpressung, Gesch\u00e4ftemacherei.<\/p>\n<p>                Diese Zusammenfassung wurde mithilfe von K\u00fcnstlicher Intelligenz erstellt. Vereinzelt kann es dabei zu Fehlern kommen.<\/p>\n<p class=\"summy__feedback-paragraph\">Fanden Sie die Zusammenfassung hilfreich? <\/p>\n<p>                        Gef\u00e4llt mir<\/p>\n<p>                        Gef\u00e4llt mir<\/p>\n<p>                        Gef\u00e4llt mir nicht<\/p>\n<p>                        Gef\u00e4llt mir nicht<\/p>\n<p>                        Send<\/p>\n<p>            <img decoding=\"async\" class=\"article__media-item\" src=\"https:\/\/www.europesays.com\/de\/wp-content\/uploads\/2025\/11\/1764138557_636_wide__1000x562.jpeg\" alt=\"Krieg gegen die Ukraine: Soldaten eines ukrainischen Spezialbataillons in der Region Saporischschja, 20. November 2025\"\/><\/p>\n<p>                    Soldaten eines ukrainischen Spezialbataillons in der Region Saporischschja, 20. November 2025<br \/>\n            \u00a9\u00a0Dmytro Smolienko\/\u200bUkrinform\/\u200bNurPhoto\/\u200bGetty Images<\/p>\n<p class=\"paragraph\">Und wenn dies die bittere, die trostlose Wahrheit w\u00e4re: Dass in Zeiten, in denen die Gro\u00dfm\u00e4chte wieder ungehemmt das Recht des St\u00e4rkeren f\u00fcr sich in Anspruch nehmen, skrupelloses Machtgebaren am schnellsten zum Frieden f\u00fchrt?\u00a0<\/p>\n<p class=\"paragraph\">Die Frage muss man sich vorlegen, so unangenehm sie ist. <a href=\"https:\/\/www.zeit.de\/thema\/donald-trump\" class=\"\" target=\"_blank\" rel=\"nofollow noopener\">Donald Trump betreibt Diplomatie mit der Planierraupe.<\/a> Und da niemand sich so einfach plattmachen und wegr\u00e4umen lassen will, scheint er sich mit seiner Brachialpolitik durchzusetzen. Das war im Gazastreifen so, das k\u00f6nnte in der <a class=\"rtr-entity\" href=\"https:\/\/www.zeit.de\/politik\/ausland\/ukraine-krieg-news-liveblog\" rel=\"nofollow noopener\" target=\"_blank\">Ukraine<\/a> so sein.\u00a0<\/p>\n","protected":false},"excerpt":{"rendered":"Aus der Serie: F\u00fcnf vor acht Der US-Pr\u00e4sident droht der Ukraine, ihr Schutz und Hilfe zu entziehen. Darf&hellip;\n","protected":false},"author":2,"featured_media":602976,"comment_status":"","ping_status":"","sticky":false,"template":"","format":"standard","meta":{"footnotes":""},"categories":[4012],"tags":[331,332,106,26459,13,45679,1435,14,15,16,307,12,317,64,107],"class_list":{"0":"post-602975","1":"post","2":"type-post","3":"status-publish","4":"format-standard","5":"has-post-thumbnail","7":"category-ukraine","8":"tag-aktuelle-nachrichten","9":"tag-aktuelle-news","10":"tag-donald-trump","11":"tag-friedensverhandlung","12":"tag-headlines","13":"tag-krieg-gegen-die-ukraine","14":"tag-krieg-in-der-ukraine","15":"tag-nachrichten","16":"tag-news","17":"tag-politik","18":"tag-russland","19":"tag-schlagzeilen","20":"tag-ukraine","21":"tag-usa","22":"tag-wolodymyr-selenskyj"},"share_on_mastodon":{"url":"https:\/\/pubeurope.com\/@de\/115614592453421744","error":""},"_links":{"self":[{"href":"https:\/\/www.europesays.com\/de\/wp-json\/wp\/v2\/posts\/602975","targetHints":{"allow":["GET"]}}],"collection":[{"href":"https:\/\/www.europesays.com\/de\/wp-json\/wp\/v2\/posts"}],"about":[{"href":"https:\/\/www.europesays.com\/de\/wp-json\/wp\/v2\/types\/post"}],"author":[{"embeddable":true,"href":"https:\/\/www.europesays.com\/de\/wp-json\/wp\/v2\/users\/2"}],"replies":[{"embeddable":true,"href":"https:\/\/www.europesays.com\/de\/wp-json\/wp\/v2\/comments?post=602975"}],"version-history":[{"count":0,"href":"https:\/\/www.europesays.com\/de\/wp-json\/wp\/v2\/posts\/602975\/revisions"}],"wp:featuredmedia":[{"embeddable":true,"href":"https:\/\/www.europesays.com\/de\/wp-json\/wp\/v2\/media\/602976"}],"wp:attachment":[{"href":"https:\/\/www.europesays.com\/de\/wp-json\/wp\/v2\/media?parent=602975"}],"wp:term":[{"taxonomy":"category","embeddable":true,"href":"https:\/\/www.europesays.com\/de\/wp-json\/wp\/v2\/categories?post=602975"},{"taxonomy":"post_tag","embeddable":true,"href":"https:\/\/www.europesays.com\/de\/wp-json\/wp\/v2\/tags?post=602975"}],"curies":[{"name":"wp","href":"https:\/\/api.w.org\/{rel}","templated":true}]}}