{"id":603139,"date":"2025-11-26T08:06:29","date_gmt":"2025-11-26T08:06:29","guid":{"rendered":"https:\/\/www.europesays.com\/de\/603139\/"},"modified":"2025-11-26T08:06:29","modified_gmt":"2025-11-26T08:06:29","slug":"landtag-beraet-ueber-zukunft-des-leuchtturms-roter-sand","status":"publish","type":"post","link":"https:\/\/www.europesays.com\/de\/603139\/","title":{"rendered":"Landtag ber\u00e4t \u00fcber Zukunft des Leuchtturms &#8222;Roter Sand&#8220;"},"content":{"rendered":"<p>Landtag ber\u00e4t \u00fcber &#8222;Roter Sand&#8220; <\/p>\n<p>Zukunft eines Wahrzeichens: &#8222;Der Leuchtturm hat viele Freunde&#8220;<\/p>\n<p>26.11.2025 &#8211; 08:06 UhrLesedauer: 2 Min.<\/p>\n<p><a href=\"#focus-0\" class=\"transition-colors duration-200 block text-current relative\" data-sctrack=\"FocusGalleryImage.Reference\"><img fetchpriority=\"high\" data-testid=\"Opener.Image\" style=\"--lqipURL:url('https:\/\/images.t-online.de\/2025\/11\/LvU36Y1S9HuQ\/535x617:1087x611\/fit-in\/150x0\/filters:blur(25)\/die-deutsche-stiftung-denkmalschutz-sucht-fuer-den-maroden-leuchtturm-roter-sand-einen-neuen-standort-am-festland-archivbild.jpg')\"   loading=\"eager\" src=\"https:\/\/www.europesays.com\/de\/wp-content\/uploads\/2025\/11\/die-deutsche-stiftung-denkmalschutz-sucht-fuer-den-maroden-leuchtturm-roter-sand-einen-neuen-standor.jpeg\" alt=\"Petition f\u00fcr Leuchtturm \u00abRoter Sand\u00bb\" title=\"Petition f\u00fcr Leuchtturm \u00abRoter Sand\u00bb\" width=\"1087\" height=\"611\" class=\"bg-[url:var(--lqipURL)] bg-cover bg-center flex h-full w-full max-w-full\" decoding=\"async\"\/><img style=\"--width:32;--height:32\" loading=\"lazy\" src=\"https:\/\/www.t-online.de\/s\/paper\/_next\/static\/media\/zoom-in.f7dae02f.svg\" alt=\"Vergr\u00f6\u00dfern des Bildes\" title=\"Vergr\u00f6\u00dfern des Bildes\" class=\"block h-[calc(var(--height)_\/_16_*_1rem)] w-[calc(var(--width)_\/_16_*_1rem)] max-w-none absolute bottom-8 right-8 rounded-4 bg-snow p-8\" decoding=\"async\"\/><\/a><\/p>\n<p>Leuchtturm im Meer (Archivbild): Die Deutsche Stiftung Denkmalschutz sucht f\u00fcr den maroden Leuchtturm &#8222;Roter Sand&#8220; einen neuen Standort am Festland. (Quelle: Sina Schuldt\/dpa\/dpa-bilder)<\/p>\n<p class=\"font-bold text-18 leading-17\">Der marode Leuchtturm in der Weserm\u00fcndung soll ans Festland umziehen. Eine Petition mit mehr als 5.600 Unterschriften fordert den Verbleib am urspr\u00fcnglichen Standort.<\/p>\n<p class=\"text-18 leading-17\">Der nieders\u00e4chsische Landtag in <a class=\"transition-colors duration-200 cursor-pointer text-inherit no-underline text-salemsfur md:hover:text-magenta md:hover:border-magenta md:focus:text-magenta border-current border-b border-solid break-words\" href=\"https:\/\/hannover.t-online.de\/region\/hannover\/\" data-sctrack=\"BodyAnchor\" target=\"_blank\" rel=\"noopener\">Hannover<\/a> will am Mittwoch \u00fcber die Zukunft des maroden Leuchtturms &#8222;Roter Sand&#8220; in der Weserm\u00fcndung beraten. Eine Petition mit mehr als 5.600 Unterschriften fordert den Erhalt des Wahrzeichens an seinem urspr\u00fcnglichen Standort.<\/p>\n<p class=\"text-18 leading-17\">Die Deutsche Stiftung Denkmalschutz plant einen Umzug des rot-wei\u00dfen Turms ans Festland. Ein Sprecher der Stiftung erkl\u00e4rt: &#8222;Die sich ver\u00e4ndernden Verh\u00e4ltnisse von Str\u00f6mung und Meeresboden, der <a class=\"transition-colors duration-200 cursor-pointer text-inherit no-underline text-salemsfur md:hover:text-magenta md:hover:border-magenta md:focus:text-magenta border-current border-b border-solid break-words\" href=\"https:\/\/www.t-online.de\/themen\/klimawandel\/\" data-sctrack=\"BodyAnchor\" target=\"_blank\" rel=\"noopener\">Klimawandel<\/a> und neuere Erkenntnisse zur Standsicherheit machen den Standort in der Weserm\u00fcndung nicht mehr verl\u00e4sslich, der Leuchtturm &#8222;Roter Sand&#8220; ist hierdurch gef\u00e4hrdet.&#8220;<\/p>\n<p class=\"text-18 leading-17\">Bereits 2019 stufte ein Gutachten den Leuchtturm als standunsicher ein. Eine Expertenkommission pr\u00fcfte daraufhin verschiedene Szenarien und empfahl 2023 den Abbau und die Wiederaufstellung an Land.<\/p>\n<p class=\"text-18 leading-17\">F\u00fcr die m\u00f6gliche Versetzung kommen nur noch Fedderwardersiel auf der Halbinsel Butjadingen und <a class=\"transition-colors duration-200 cursor-pointer text-inherit no-underline text-salemsfur md:hover:text-magenta md:hover:border-magenta md:focus:text-magenta border-current border-b border-solid break-words\" href=\"https:\/\/www.t-online.de\/themen\/wilhelmshaven\/\" data-sctrack=\"BodyAnchor\" target=\"_blank\" rel=\"noopener\">Wilhelmshaven<\/a> in Frage. <a class=\"transition-colors duration-200 cursor-pointer text-inherit no-underline text-salemsfur md:hover:text-magenta md:hover:border-magenta md:focus:text-magenta border-current border-b border-solid break-words\" href=\"https:\/\/www.t-online.de\/themen\/bremerhaven\/\" data-sctrack=\"BodyAnchor\" target=\"_blank\" rel=\"noopener\">Bremerhaven<\/a> und Hooksiel im friesischen Wangerland erhielten keine Genehmigung der Wasserstra\u00dfen- und Naturschutzbeh\u00f6rden wegen Verwechslungsgefahr mit aktiven Seezeichen.<\/p>\n<p class=\"text-18 leading-17\">Der Jurist Dieter Riemer startete die Petition gegen den Umzug. Bei einer Versetzung m\u00fcsste der Turm vom Fundament getrennt werden, das in der <a class=\"transition-colors duration-200 cursor-pointer text-inherit no-underline text-salemsfur md:hover:text-magenta md:hover:border-magenta md:focus:text-magenta border-current border-b border-solid break-words\" href=\"https:\/\/www.t-online.de\/themen\/nordsee\/\" data-sctrack=\"BodyAnchor\" target=\"_blank\" rel=\"noopener\">Nordsee<\/a> verrotten w\u00fcrde. &#8222;Damit w\u00e4re das erste Offshore-Bauwerk der Welt unwiederbringlich zerst\u00f6rt&#8220;, hei\u00dft es in der Petition, die auch eine Nominierung als Unesco-Weltkulturerbe fordert.<\/p>\n<p class=\"text-18 leading-17\">Die nieders\u00e4chsische Landesregierung h\u00e4lt einen Verbleib des Turms in der Nordsee f\u00fcr unm\u00f6glich. Das Ministerium f\u00fcr Wissenschaft und Kultur unter Leitung von Falko Mohrs (SPD) bezeichnet die Sanierungs- und Folgekosten als &#8222;unrealistisch&#8220; und steht einer Unesco-Bewerbung kritisch gegen\u00fcber.<\/p>\n<p class=\"text-18 leading-17\">Ein Sprecher der Stiftung Denkmalschutz betont: &#8222;Wir warten gespannt auf m\u00f6gliche Ideen des Landtags im Rahmen der Petition, die die Gef\u00e4hrdung f\u00fcr den &#8222;Roten Sand&#8220; verl\u00e4sslich reduzieren k\u00f6nnten.&#8220;<\/p>\n<p class=\"text-18 leading-17\">Im Petitionsausschuss stehen sowohl der Initiator als auch die Landesregierung Rede und Antwort. Ein Beschluss w\u00e4hrend der Anh\u00f6rung ist unwahrscheinlich. Ein Landtagssprecher teilt mit: &#8222;Der Petitionsausschuss wird im Anschluss an die Anh\u00f6rungssitzung erwartbar in einer seiner n\u00e4chsten Sitzungen die inhaltliche Beratung in der Sache aufnehmen und eine Empfehlung f\u00fcr das Plenum erarbeiten.&#8220;<\/p>\n<p class=\"text-18 leading-17\">Parallel beraten Bund, Land, Landesdenkmalamt und Stiftung in den kommenden Wochen \u00fcber den k\u00fcnftigen Standort. Eine Entscheidung k\u00f6nnte Anfang Dezember fallen.<\/p>\n<p class=\"text-18 leading-17\">Der Leuchtturm gilt als maritimes, norddeutsches Wahrzeichen. Eine Sprecherin der Stiftung Denkmalschutz erkl\u00e4rte k\u00fcrzlich: &#8222;Der Leuchtturm hat viele Freunde.&#8220; Der Turm wird seit 1964 nicht mehr als Seezeichen ben\u00f6tigt und steht seit 1982 unter Denkmalschutz.<\/p>\n<p class=\"text-18 leading-17\">Das Landesamt f\u00fcr Denkmalpflege beteiligt sich an der Standortentscheidung. Das Ministerium f\u00fcr Wissenschaft und Kultur nennt keinen Favoriten, betont aber: An seinem neuen Standort solle der Leuchtturm angemessen zur Geltung kommen und der historische Bezug zur Weser und Weserm\u00fcndung erkennbar bleiben.<\/p>\n","protected":false},"excerpt":{"rendered":"Landtag ber\u00e4t \u00fcber &#8222;Roter Sand&#8220; Zukunft eines Wahrzeichens: &#8222;Der Leuchtturm hat viele Freunde&#8220; 26.11.2025 &#8211; 08:06 UhrLesedauer: 2&hellip;\n","protected":false},"author":2,"featured_media":603140,"comment_status":"","ping_status":"","sticky":false,"template":"","format":"standard","meta":{"footnotes":""},"categories":[1836],"tags":[722,17161,6703,74775,3364,107173,29,30,46,1985,36170,1411,7292,3503,27352,4978,143838,7638],"class_list":{"0":"post-603139","1":"post","2":"type-post","3":"status-publish","4":"format-standard","5":"has-post-thumbnail","7":"category-hannover","8":"tag-722","9":"tag-17161","10":"tag-bremerhaven","11":"tag-butjadingen","12":"tag-de","13":"tag-deutsche-stiftung-denkmalschutz","14":"tag-deutschland","15":"tag-germany","16":"tag-hannover","17":"tag-landtag","18":"tag-leuchtturm","19":"tag-niedersachsen","20":"tag-nordsee","21":"tag-petition","22":"tag-wahrzeichen","23":"tag-weser","24":"tag-wesermuendung","25":"tag-wilhelmshaven"},"share_on_mastodon":{"url":"https:\/\/pubeurope.com\/@de\/115614973625794716","error":""},"_links":{"self":[{"href":"https:\/\/www.europesays.com\/de\/wp-json\/wp\/v2\/posts\/603139","targetHints":{"allow":["GET"]}}],"collection":[{"href":"https:\/\/www.europesays.com\/de\/wp-json\/wp\/v2\/posts"}],"about":[{"href":"https:\/\/www.europesays.com\/de\/wp-json\/wp\/v2\/types\/post"}],"author":[{"embeddable":true,"href":"https:\/\/www.europesays.com\/de\/wp-json\/wp\/v2\/users\/2"}],"replies":[{"embeddable":true,"href":"https:\/\/www.europesays.com\/de\/wp-json\/wp\/v2\/comments?post=603139"}],"version-history":[{"count":0,"href":"https:\/\/www.europesays.com\/de\/wp-json\/wp\/v2\/posts\/603139\/revisions"}],"wp:featuredmedia":[{"embeddable":true,"href":"https:\/\/www.europesays.com\/de\/wp-json\/wp\/v2\/media\/603140"}],"wp:attachment":[{"href":"https:\/\/www.europesays.com\/de\/wp-json\/wp\/v2\/media?parent=603139"}],"wp:term":[{"taxonomy":"category","embeddable":true,"href":"https:\/\/www.europesays.com\/de\/wp-json\/wp\/v2\/categories?post=603139"},{"taxonomy":"post_tag","embeddable":true,"href":"https:\/\/www.europesays.com\/de\/wp-json\/wp\/v2\/tags?post=603139"}],"curies":[{"name":"wp","href":"https:\/\/api.w.org\/{rel}","templated":true}]}}