{"id":603188,"date":"2025-11-26T08:35:17","date_gmt":"2025-11-26T08:35:17","guid":{"rendered":"https:\/\/www.europesays.com\/de\/603188\/"},"modified":"2025-11-26T08:35:17","modified_gmt":"2025-11-26T08:35:17","slug":"bei-neuem-termin-lache-mette-marit-die-sorgen-weg","status":"publish","type":"post","link":"https:\/\/www.europesays.com\/de\/603188\/","title":{"rendered":"Bei neuem Termin lache Mette-Marit die Sorgen weg"},"content":{"rendered":"<p>Spa\u00df mit der Schwiegermutter<\/p>\n<p>Bei neuem Termin lacht Mette-Marit die Sorgen weg<\/p>\n<p><img decoding=\"async\" data-hk=\"00932120a13011000010\" loading=\"lazy\" src=\"https:\/\/www.europesays.com\/de\/wp-content\/uploads\/2025\/11\/1764146116_254_e6dac83f-97e8-4d5b-a822-90635779f3c6.16af442f-d283-4d09-80e3-719e432bb1e7.jpeg\" alt=\"Privat\" width=\"48\" height=\"48\"\/>von <a href=\"https:\/\/www.bunte.de\/autoren\/talea-de-freese_f6db2dea-a6bf-488e-9053-207679fec882.html\" target=\"_blank\" rel=\"noopener\">Talea de Freese<\/a><\/p>\n<p>25.11.2025, 23:14 Uhr<\/p>\n<p>25. November 2025 um 23:14 Uhr<\/p>\n<p>Beim Keramik-Symposium im K\u00f6niglichen Schloss in Oslo zeigt sich Kronprinzessin Mette-Marit an der Seite von K\u00f6nigin Sonja gut gelaunt.<\/p>\n<p>Die <a href=\"https:\/\/www.bunte.de\/royals\/royals-weltweit\/genug-beweismaterial-anwalt-spricht-ueber-prozess-gegen-marius-borg-hoiby_8e259033-5fd1-49db-a620-eef15cee4903.html\" rel=\"follow noopener\" target=\"_self\">Sorge um Sohn Marius Borg H\u00f8iby<\/a> (27), <a href=\"https:\/\/www.bunte.de\/royals\/royals-weltweit\/mette-marit-unterbricht-reha-und-zeigt-sich-strahlend-mit-haakon_d09cddfc-4e7f-4962-82c7-36cb6219a458.html\" rel=\"follow noopener\" target=\"_self\">ihre eigenen gesundheitlichen Probleme<\/a> \u00a0\u2013 all das konnte <a href=\"https:\/\/www.bunte.de\/starprofile\/mette-marit-von-norwegen.html\" rel=\"follow noopener\" target=\"_self\">Kronprinzessin Mette-Marit <\/a>(52) am Dienstag (25. November) ganz offenbar f\u00fcr ein paar Stunden vergessen. Denn auf Bildern vom Keramik-Symposium im K\u00f6niglichen Schloss in Oslo strahlt die 52-J\u00e4hrige auf so gut wie jedem Foto. Sicher auch zur guten Laune trug ihre liebe Gesellschaft bei: Gastgeberin der Veranstaltung und daher nat\u00fcrlich mit von der Partie war n\u00e4mlich K\u00f6nigin Sonja von Norwegen (88), sowie K\u00f6nig Haralds (88) Schwester, Prinzessin Astrid (93). Eine k\u00f6nigliche Frauenrunde, der das Thema offenbar sehr lag. Vor allem K\u00f6nigin Sonja hat gro\u00dfes Interesse an dem Fachgebiet, sowohl als Kunstsammlerin als auch als praktizierende K\u00fcnstlerin im Bereich Keramik, genau wie Prinzessin Astrid.<\/p>\n<p>ANZEIGEMette-Marit, Sonja und Astrid bei Keramik-Symposium<\/p>\n<p>Dass die Kronprinzessin an diesem tag da sein konnte, galt zuvor nicht als sicher: Erst am Tag zuvor wurde ihre Teilnahme best\u00e4tigt. W\u00e4hrend sie zu Beginn des Symposiums im &#8222;Dronning Sonja KunstStall&#8220; in Laufn\u00e4he zum Osloer K\u00f6nigsschloss noch fehlte, stie\u00df sie schlie\u00dflich im Gro\u00dfen Festsaal des Schlosses hinzu. Zu Bildern der Verstaltung schreibt der Hof auf Instagram: &#8222;K\u00f6nigin Sonja lud G\u00e4ste aus dem ganzen Land zu einem Keramiksymposium auf das Schloss und in die KunstStallen ein. K\u00fcnstler, Fachleute und Liebhaber kamen zusammen, um ihr Wissen auszutauschen und sich intensiv mit dem Thema Keramik auseinanderzusetzen.&#8220; Weiter hei\u00dft es dort: &#8222;Das Symposium markierte zugleich den Abschluss eines Jahres, in dem das K\u00f6nigshaus an drei verschiedenen Orten das historische Erbe des Landes anhand von Keramik und Porzellan von 1814 bis heute pr\u00e4sentierte.&#8220; Auch Kulturministerin Lubna Jaffery war anwesend.<\/p>\n<p>ANZEIGE<\/p>\n<p>K\u00f6nigin erw\u00e4hnt Prinzessin in Ansprache<\/p>\n<p>Bei ihrer Ansprache erw\u00e4hnte Sonja speziell auch ihre Schw\u00e4gerin, berichtet &#8222;Dana Press&#8220;: &#8222;Liebe Prinzessin Astrid \u2013 unsere passionierte Keramikerin in der Familie&#8220;, sagte Sonja. &#8222;Ich habe mich schon lange auf diesen Tag gefreut \u2013 und ich bin sicher, dass Prinzessin Astrid das auch getan hat.&#8220; Sp\u00e4ter zogen die G\u00e4ste zum Schloss, weiter wo das Programm mit Fachvortr\u00e4gen auf der B\u00fchne im Gro\u00dfen Festsaal fortgesetzt wurde. Hier war auch Kronprinzessin Mette-Marit dabei.<\/p>\n<p><img decoding=\"async\" data-hk=\"0110200010\" loading=\"lazy\"  src=\"https:\/\/www.europesays.com\/de\/wp-content\/uploads\/2025\/11\/d80ed0f9-e037-447d-9631-903f0d5fd7f7.0fc8346f-da6c-4db8-8d02-141d13092805.jpeg\"  alt=\"Mette-Marit versucht, mit ihrem L\u00e4cheln Haakons Tr\u00fcbsal zu \u00fcberspielen\"\/><\/p>\n<p>Mette-Marit versucht, mit ihrem L\u00e4cheln Haakons Tr\u00fcbsal zu \u00fcberspielenDana Press<\/p>\n","protected":false},"excerpt":{"rendered":"Spa\u00df mit der Schwiegermutter Bei neuem Termin lacht Mette-Marit die Sorgen weg von Talea de Freese 25.11.2025, 23:14&hellip;\n","protected":false},"author":2,"featured_media":603189,"comment_status":"","ping_status":"","sticky":false,"template":"","format":"standard","meta":{"footnotes":""},"categories":[1776],"tags":[1801,29,214,30,1802,215],"class_list":{"0":"post-603188","1":"post","2":"type-post","3":"status-publish","4":"format-standard","5":"has-post-thumbnail","7":"category-prominente","8":"tag-celebrities","9":"tag-deutschland","10":"tag-entertainment","11":"tag-germany","12":"tag-prominente","13":"tag-unterhaltung"},"share_on_mastodon":{"url":"https:\/\/pubeurope.com\/@de\/115615087448809727","error":""},"_links":{"self":[{"href":"https:\/\/www.europesays.com\/de\/wp-json\/wp\/v2\/posts\/603188","targetHints":{"allow":["GET"]}}],"collection":[{"href":"https:\/\/www.europesays.com\/de\/wp-json\/wp\/v2\/posts"}],"about":[{"href":"https:\/\/www.europesays.com\/de\/wp-json\/wp\/v2\/types\/post"}],"author":[{"embeddable":true,"href":"https:\/\/www.europesays.com\/de\/wp-json\/wp\/v2\/users\/2"}],"replies":[{"embeddable":true,"href":"https:\/\/www.europesays.com\/de\/wp-json\/wp\/v2\/comments?post=603188"}],"version-history":[{"count":0,"href":"https:\/\/www.europesays.com\/de\/wp-json\/wp\/v2\/posts\/603188\/revisions"}],"wp:featuredmedia":[{"embeddable":true,"href":"https:\/\/www.europesays.com\/de\/wp-json\/wp\/v2\/media\/603189"}],"wp:attachment":[{"href":"https:\/\/www.europesays.com\/de\/wp-json\/wp\/v2\/media?parent=603188"}],"wp:term":[{"taxonomy":"category","embeddable":true,"href":"https:\/\/www.europesays.com\/de\/wp-json\/wp\/v2\/categories?post=603188"},{"taxonomy":"post_tag","embeddable":true,"href":"https:\/\/www.europesays.com\/de\/wp-json\/wp\/v2\/tags?post=603188"}],"curies":[{"name":"wp","href":"https:\/\/api.w.org\/{rel}","templated":true}]}}