{"id":603507,"date":"2025-11-26T11:33:25","date_gmt":"2025-11-26T11:33:25","guid":{"rendered":"https:\/\/www.europesays.com\/de\/603507\/"},"modified":"2025-11-26T11:33:25","modified_gmt":"2025-11-26T11:33:25","slug":"handball-kiel-in-eisenach-jicha-warnt-vor-irrer-halle-sportmix","status":"publish","type":"post","link":"https:\/\/www.europesays.com\/de\/603507\/","title":{"rendered":"Handball: Kiel in Eisenach! Jicha warnt vor irrer Halle | Sportmix"},"content":{"rendered":"<p><b>In Europa flutscht es.<\/b><\/p>\n<p>Gegen Rebud KPR Ostrovia Ostrow gab es im f\u00fcnften Gruppenspiel der European League beim 33:25 den f\u00fcnften Sieg f\u00fcr den <a href=\"https:\/\/sportbild.bild.de\/sportmix\/handball\/handball-european-league-pleite-gegen-christlichen-verein-junger-maenner-6925d42ef60b758bebd57542\" class=\"text-link\" target=\"_blank\" rel=\"noopener\">THW Kiel.<\/a> Nun wartet wieder der Alltag in der Daikin Handball-Bundesliga, wo der Rekordmeister vor einer sehr unangenehmen Aufgabe steht.<\/p>\n<p>Kiel-Trainer Filip Jicha warnt eingehend vor Eisenach und der A\u00dfmann-Halle<\/p>\n<p>Am Freitag (20 Uhr, live bei Dyn\/<a href=\"https:\/\/www.dyn.sport\/aktion\/willkommen?utm_source_platform=g&amp;utm_campaign=C:DE_L:DE_SC:BR_CT:Brand_ST:Multi_G:SUB&amp;utm_id=id1:101-862-0923_id2:20138860281_id3:149011761253&amp;gad_source=1&amp;gad_campaignid=20138860281&amp;gbraid=0AAAAApji4i1E4at8jKtkLnCtRnixbKZ9i&amp;gclid=CjwKCAiA55rJBhByEiwAFkY1QDnulQheEtdC1j-pF5AQSuw8kgzbkNyzBSAZOUVsTuk_fR_lgzVPzBoCYYQQAvD_BwE\" target=\"_blank\" rel=\"nofollow noopener\" class=\"text-link--external text-link\">Anzeige<\/a>) geht es beim <a href=\"https:\/\/sportbild.bild.de\/sportmix\/handball\/heinevetter-glaenzt-thsv-eisenachs-triumph-6916237358d2cfb625f5b50f\" class=\"text-link\" target=\"_blank\" rel=\"noopener\">ThSV Eisenach<\/a> auf die Platte. Und THW-Trainer Filip Jicha schwant da gar nichts Gutes.<\/p>\n<p><a class=\"article-image__anchor\" href=\"https:\/\/www.dyn.sport\/sport_handball\" target=\"_blank\" rel=\"noopener\"><img decoding=\"async\" width=\"992\" height=\"84\" alt=\"\" src=\"https:\/\/www.europesays.com\/de\/wp-content\/uploads\/2025\/11\/b3b848c06cf3a9d3b03f0628d9ae8e24,c28d85dd\"   class=\"dynamic\" loading=\"lazy\"\/><\/a><\/p>\n<p>Foto: BILD<\/p>\n<p>\u201eJetzt geht\u2019s weiter nach Eisenach, das wird eine super unangenehme Aufgabe. Ich wei\u00df aus eigener Erfahrung, wie da verteidigt wird\u201c, so Jicha vor der Abreise aus Polen.<\/p>\n<p><b>Mit dem Bus ging es geradewegs weiter nach Th\u00fcringen. Und mit ganz viel Respekt. Vor allem vor der ber\u00fcchtigten Werner-A\u00dfmann-Halle.<\/b><\/p>\n<p><img decoding=\"async\" width=\"992\" height=\"558\" alt=\"Der ThSV Eisenach kann sich auf die Unterst\u00fctzung seiner Fans verlassen\" src=\"https:\/\/www.europesays.com\/de\/wp-content\/uploads\/2025\/11\/318893864b0349fe5114ef1787d59a00,28cadde3\"   class=\"landscape\" loading=\"lazy\"\/><\/p>\n<p class=\"fig__caption__text\">Der ThSV Eisenach kann sich auf die Unterst\u00fctzung seiner Fans verlassen<\/p>\n<p>Foto: IMAGO\/Maximilian Koch<\/p>\n<p>Der Star-Trainer ist \u00fcberzeugt davon, dass in der engen Halle die Fans Einfluss aufs Geschehen auf der Platte nehmen. Und dass davon nicht nur Spieler und Trainer betroffen sind, sondern auch Schiedsrichter.<\/p>\n<p><b>Jicha: \u201eDie Halle ist kein Spa\u00df f\u00fcr niemanden, da sind Zwei-Minuten-w\u00fcrdige Fouls Freiw\u00fcrfe und Rote Karten zwei Minuten. Du m\u00f6chtest da nicht in Hektik verfallen, aber das schaffst du nicht \u00fcber 60 Minuten.\u201c<\/b><\/p>\n<p>Mehr zum Thema<\/p>\n<p>Alle f\u00fcnf Saisonsiege holten die Eisenacher daheim. Und der THW Kiel darf keine Federn lassen, um als derzeit Vierter den Anschluss an die Champions-League-Pl\u00e4tze nicht zu verlieren.<\/p>\n<p><b>Was Jicha etwas beruhigen d\u00fcrfte: Von 23 Spielen konnte Eisenach nur zwei gegen den THW gewinnen. 1998 sprang ein 24:22 heraus, im Jahr 2000 ein 23:22. Beide Siege gelangen allerdings daheim.<\/b><\/p>\n<p>Krasse Handball-Szene: Fan bereitet Tor in der Bundesliga vor<a class=\"anchor video-teaser__anchor\" href=\"https:\/\/sportbild.bild.de\/sportmix\/handball\/irre-handball-szene-fan-bereitet-tor-in-der-bundesliga-vor-6916c850c7cd0ff6c620145f\" target=\"_blank\" rel=\"noopener\"><img decoding=\"async\" width=\"992\" height=\"558\" alt=\"\" src=\"https:\/\/www.europesays.com\/de\/wp-content\/uploads\/2025\/11\/79f76a1286a3db1488dba0dbbc36f11f-landscape,17083fe7\"   class=\"landscape teaser__image\" loading=\"lazy\"\/><\/a><\/p>\n<p>Quelle: DYN Handball19.11.2025<\/p>\n","protected":false},"excerpt":{"rendered":"In Europa flutscht es. Gegen Rebud KPR Ostrovia Ostrow gab es im f\u00fcnften Gruppenspiel der European League beim&hellip;\n","protected":false},"author":2,"featured_media":603508,"comment_status":"","ping_status":"","sticky":false,"template":"","format":"standard","meta":{"footnotes":""},"categories":[1852],"tags":[3364,29,1932,548,663,3934,30,1391,5009,13,17342,4949,14,15,12,1971,4580,3460,45,34040,7748],"class_list":{"0":"post-603507","1":"post","2":"type-post","3":"status-publish","4":"format-standard","5":"has-post-thumbnail","7":"category-kiel","8":"tag-de","9":"tag-deutschland","10":"tag-dyn-handball","11":"tag-eu","12":"tag-europa","13":"tag-europe","14":"tag-germany","15":"tag-handball","16":"tag-hbl","17":"tag-headlines","18":"tag-jicha-filip","19":"tag-kiel","20":"tag-nachrichten","21":"tag-news","22":"tag-schlagzeilen","23":"tag-schleswig-holstein","24":"tag-schmidt-andre","25":"tag-sport-leuchtturm-leipzig","26":"tag-texttospeech","27":"tag-thsv-eisenach","28":"tag-thw-kiel"},"share_on_mastodon":{"url":"https:\/\/pubeurope.com\/@de\/115615788978131798","error":""},"_links":{"self":[{"href":"https:\/\/www.europesays.com\/de\/wp-json\/wp\/v2\/posts\/603507","targetHints":{"allow":["GET"]}}],"collection":[{"href":"https:\/\/www.europesays.com\/de\/wp-json\/wp\/v2\/posts"}],"about":[{"href":"https:\/\/www.europesays.com\/de\/wp-json\/wp\/v2\/types\/post"}],"author":[{"embeddable":true,"href":"https:\/\/www.europesays.com\/de\/wp-json\/wp\/v2\/users\/2"}],"replies":[{"embeddable":true,"href":"https:\/\/www.europesays.com\/de\/wp-json\/wp\/v2\/comments?post=603507"}],"version-history":[{"count":0,"href":"https:\/\/www.europesays.com\/de\/wp-json\/wp\/v2\/posts\/603507\/revisions"}],"wp:featuredmedia":[{"embeddable":true,"href":"https:\/\/www.europesays.com\/de\/wp-json\/wp\/v2\/media\/603508"}],"wp:attachment":[{"href":"https:\/\/www.europesays.com\/de\/wp-json\/wp\/v2\/media?parent=603507"}],"wp:term":[{"taxonomy":"category","embeddable":true,"href":"https:\/\/www.europesays.com\/de\/wp-json\/wp\/v2\/categories?post=603507"},{"taxonomy":"post_tag","embeddable":true,"href":"https:\/\/www.europesays.com\/de\/wp-json\/wp\/v2\/tags?post=603507"}],"curies":[{"name":"wp","href":"https:\/\/api.w.org\/{rel}","templated":true}]}}