{"id":603681,"date":"2025-11-26T13:08:14","date_gmt":"2025-11-26T13:08:14","guid":{"rendered":"https:\/\/www.europesays.com\/de\/603681\/"},"modified":"2025-11-26T13:08:14","modified_gmt":"2025-11-26T13:08:14","slug":"trickdiebe-bestehlen-seniorin-in-wichlinghausen","status":"publish","type":"post","link":"https:\/\/www.europesays.com\/de\/603681\/","title":{"rendered":"Trickdiebe bestehlen Seniorin in Wichlinghausen"},"content":{"rendered":"<p class=\"text_ohne_einzug richtext text-em-55 !leading-serif mx-6 desktop:mx-0\">Die T\u00e4ter klingelten gegen 10:40 Uhr nach Polizeiangaben in Wichlinghausen bei der 88-J\u00e4hrigen und erkl\u00e4rten, im Namen der Hausverwaltung Messungen an der Heizung vornehmen zu m\u00fcssen. Dabei hielten sich die M\u00e4nner in unterschiedlichen R\u00e4umen auf. Nachdem die Kriminellen die R\u00e4ume verlassen hatten, bemerkte die Seniorin den Diebstahl und informierte die Polizei.<\/p>\n","protected":false},"excerpt":{"rendered":"Die T\u00e4ter klingelten gegen 10:40 Uhr nach Polizeiangaben in Wichlinghausen bei der 88-J\u00e4hrigen und erkl\u00e4rten, im Namen der&hellip;\n","protected":false},"author":2,"featured_media":603682,"comment_status":"","ping_status":"","sticky":false,"template":"","format":"standard","meta":{"footnotes":""},"categories":[1840],"tags":[3364,29,30,1209,4418],"class_list":{"0":"post-603681","1":"post","2":"type-post","3":"status-publish","4":"format-standard","5":"has-post-thumbnail","7":"category-wuppertal","8":"tag-de","9":"tag-deutschland","10":"tag-germany","11":"tag-nordrhein-westfalen","12":"tag-wuppertal"},"share_on_mastodon":{"url":"https:\/\/pubeurope.com\/@de\/115616160451674548","error":""},"_links":{"self":[{"href":"https:\/\/www.europesays.com\/de\/wp-json\/wp\/v2\/posts\/603681","targetHints":{"allow":["GET"]}}],"collection":[{"href":"https:\/\/www.europesays.com\/de\/wp-json\/wp\/v2\/posts"}],"about":[{"href":"https:\/\/www.europesays.com\/de\/wp-json\/wp\/v2\/types\/post"}],"author":[{"embeddable":true,"href":"https:\/\/www.europesays.com\/de\/wp-json\/wp\/v2\/users\/2"}],"replies":[{"embeddable":true,"href":"https:\/\/www.europesays.com\/de\/wp-json\/wp\/v2\/comments?post=603681"}],"version-history":[{"count":0,"href":"https:\/\/www.europesays.com\/de\/wp-json\/wp\/v2\/posts\/603681\/revisions"}],"wp:featuredmedia":[{"embeddable":true,"href":"https:\/\/www.europesays.com\/de\/wp-json\/wp\/v2\/media\/603682"}],"wp:attachment":[{"href":"https:\/\/www.europesays.com\/de\/wp-json\/wp\/v2\/media?parent=603681"}],"wp:term":[{"taxonomy":"category","embeddable":true,"href":"https:\/\/www.europesays.com\/de\/wp-json\/wp\/v2\/categories?post=603681"},{"taxonomy":"post_tag","embeddable":true,"href":"https:\/\/www.europesays.com\/de\/wp-json\/wp\/v2\/tags?post=603681"}],"curies":[{"name":"wp","href":"https:\/\/api.w.org\/{rel}","templated":true}]}}