{"id":603808,"date":"2025-11-26T14:21:12","date_gmt":"2025-11-26T14:21:12","guid":{"rendered":"https:\/\/www.europesays.com\/de\/603808\/"},"modified":"2025-11-26T14:21:12","modified_gmt":"2025-11-26T14:21:12","slug":"fc-guetersloh-borussia-moenchengladbach-ii-zeigt-gladbach-eine-reaktion-regionalliga-west","status":"publish","type":"post","link":"https:\/\/www.europesays.com\/de\/603808\/","title":{"rendered":"FC G\u00fctersloh &#8211; Borussia M\u00f6nchengladbach II: Zeigt Gladbach eine Reaktion? &#8211; Regionalliga West"},"content":{"rendered":"<p>Die Zweitvertretung von Borussia M\u00f6nchengladbach fordert im Topspiel den FC G\u00fctersloh heraus. G\u00fctersloh trennte sich im vorigen Match 1:1 von VfL Bochum 1848 II (U23).<\/p>\n<p class=\"is-first-paragraph\" data-external=\"Article.FirstParagraph\">Am letzten Samstag verlief der Auftritt von Gladbach ern\u00fcchternd. Gegen Rot-Wei\u00df Oberhausen kassierte man eine 0:6-Niederlage.<\/p>\n<p>Mit dem Gewinnen tat sich der FCG zuletzt schwer. In drei Spielen wurde nicht ein Sieg davongetragen.<\/p>\n<p>BMG tritt mit einer positiven Bilanz von zw\u00f6lf Punkten aus den letzten f\u00fcnf Spielen an.<\/p>\n<p>Beide Mannschaften liegen mit 29 Punkten gleichauf. Beide Teams fuhren in dieser Saison bisher acht Siege ein.<\/p>\n<p>Beide Mannschaften bewegen sich derzeit auf einem \u00e4hnlichen Spielniveau, sodass ein Favorit im Vorfeld kaum auszumachen ist.<\/p>\n<p><b>Dieser Artikel wurde automatisch von unserem Partner Retresco anhand von Spieldaten erstellt.<\/b><\/p>\n<p>FUSSBALL.DE<\/p>\n","protected":false},"excerpt":{"rendered":"Die Zweitvertretung von Borussia M\u00f6nchengladbach fordert im Topspiel den FC G\u00fctersloh heraus. G\u00fctersloh trennte sich im vorigen Match&hellip;\n","protected":false},"author":2,"featured_media":603809,"comment_status":"","ping_status":"","sticky":false,"template":"","format":"standard","meta":{"footnotes":""},"categories":[1849],"tags":[3364,29,548,663,3934,30,13,4455,14,15,1209,12,3694],"class_list":{"0":"post-603808","1":"post","2":"type-post","3":"status-publish","4":"format-standard","5":"has-post-thumbnail","7":"category-moenchengladbach","8":"tag-de","9":"tag-deutschland","10":"tag-eu","11":"tag-europa","12":"tag-europe","13":"tag-germany","14":"tag-headlines","15":"tag-moenchengladbach","16":"tag-nachrichten","17":"tag-news","18":"tag-nordrhein-westfalen","19":"tag-schlagzeilen","20":"tag-textengine"},"share_on_mastodon":{"url":"https:\/\/pubeurope.com\/@de\/115616447513133611","error":""},"_links":{"self":[{"href":"https:\/\/www.europesays.com\/de\/wp-json\/wp\/v2\/posts\/603808","targetHints":{"allow":["GET"]}}],"collection":[{"href":"https:\/\/www.europesays.com\/de\/wp-json\/wp\/v2\/posts"}],"about":[{"href":"https:\/\/www.europesays.com\/de\/wp-json\/wp\/v2\/types\/post"}],"author":[{"embeddable":true,"href":"https:\/\/www.europesays.com\/de\/wp-json\/wp\/v2\/users\/2"}],"replies":[{"embeddable":true,"href":"https:\/\/www.europesays.com\/de\/wp-json\/wp\/v2\/comments?post=603808"}],"version-history":[{"count":0,"href":"https:\/\/www.europesays.com\/de\/wp-json\/wp\/v2\/posts\/603808\/revisions"}],"wp:featuredmedia":[{"embeddable":true,"href":"https:\/\/www.europesays.com\/de\/wp-json\/wp\/v2\/media\/603809"}],"wp:attachment":[{"href":"https:\/\/www.europesays.com\/de\/wp-json\/wp\/v2\/media?parent=603808"}],"wp:term":[{"taxonomy":"category","embeddable":true,"href":"https:\/\/www.europesays.com\/de\/wp-json\/wp\/v2\/categories?post=603808"},{"taxonomy":"post_tag","embeddable":true,"href":"https:\/\/www.europesays.com\/de\/wp-json\/wp\/v2\/tags?post=603808"}],"curies":[{"name":"wp","href":"https:\/\/api.w.org\/{rel}","templated":true}]}}