{"id":603912,"date":"2025-11-26T15:21:24","date_gmt":"2025-11-26T15:21:24","guid":{"rendered":"https:\/\/www.europesays.com\/de\/603912\/"},"modified":"2025-11-26T15:21:24","modified_gmt":"2025-11-26T15:21:24","slug":"30-lichtinstallationen-eisbahn-mehr","status":"publish","type":"post","link":"https:\/\/www.europesays.com\/de\/603912\/","title":{"rendered":"30 Lichtinstallationen, Eisbahn &#038; mehr!"},"content":{"rendered":"<p class=\"single__subtitle\">Unz\u00e4hlige Lichtinstallationen, eingebettet in einzigartige Natur an einem der ikonischsten Orte der Stadt. Dieses besondere Weihnachtserlebnis gibt es nur f\u00fcr kurze Zeit \u2013 lasst es euch nicht entgehen!<\/p>\n<p>\t\t\t\t\t\t\t\t\t\t\t\t\t\t\t\t\t\t\t\t\t\t<img loading=\"lazy\" decoding=\"async\" src=\"data:image\/svg+xml,%3Csvg%20xmlns=\" http:=\"\" class=\"img-fluid\" alt=\"Weihnachtsmarkt im Tierpark\" width=\"1024\" height=\"682\" data-lazy-src=\"https:\/\/www.europesays.com\/de\/wp-content\/uploads\/2025\/11\/weihnachten-im-tierpark-2023-bluetenzauber-1-1024x682.jpg\"\/><br \/>\n\t\t\t\t\t\t\t\t\t\t\t\t\t\t\t\t\t\t\t\t\t\tFoto: Weihnachten im Tierpark<\/p>\n<p>    Save<\/p>\n<p>\t\t\t\t\t Bevor ihr \u00fcberregionale Pl\u00e4ne macht, solltet ihr sicherstellen, dass ihr den<strong> Weihnachtsmarkt im gr\u00f6\u00dften Tierpark<\/strong> Europas besucht <\/p>\n<p>Unweit des Alexanderplatzes erstreckt er sich \u00fcber<strong> beeindruckende 160 Hektar<\/strong> und verwandelt den Tierpark auch dieses Jahr wieder mit <strong>unz\u00e4hligen, farbenfrohen Lichtinstallationen<\/strong> in ein echtes M\u00e4rchenland. Taucht mit euren Liebsten in die funkelnde Magie ein und lasst euch p\u00fcnktlich zur Vorweihnachtszeit von dem Lichtermeer in die richtige Stimmung bringen.<\/p>\n<p>   <img fetchpriority=\"high\" decoding=\"async\" class=\"size-full wp-image-22452\" src=\"data:image\/svg+xml,%3Csvg%20xmlns=\" http:=\"\" alt=\"Weihnachtsmarkt im Tierpark\" width=\"1200\" height=\"800\" data-lazy- data-lazy- data-lazy-src=\"https:\/\/www.europesays.com\/de\/wp-content\/uploads\/2025\/11\/weihnachten-im-tierpark-2023-schloss-friedrichsfelde-1.jpg\"\/>Foto: Weihnachten im Tierpark <\/p>\n<p>Sowohl f\u00fcr Kinder als auch f\u00fcr Erwachsene ist der Weihnachtsmarkt im Tierpark ein winterliches Highlight. Seit seiner Er\u00f6ffnung im Jahr 2019 hat er sich zu einem der <strong>beliebtesten Adventsziele der Berliner:innen<\/strong> entwickelt. Die Sch\u00f6nheit des Winters wird hier durch rund<strong> 30 au\u00dfergew\u00f6hnliche Lichtinstallationen<\/strong>, dekorierte Wege, beleuchtete Baumkronen, Sterne sowie Wasser- und Lichtspiele eindrucksvoll in Szene gesetzt. Der beleuchtete <strong>Rundweg f\u00fchrt \u00fcber etwa 2 km<\/strong> und auch am historischen Schloss Friedrichsfelde vorbei. Beim Spaziergang durch den weitl\u00e4ufigen Landschaftszoo kommt ihr den Tiergehegen bewusst nicht zu nahe \u2013 dem Wohl der Tiere zuliebe. Auch eine <strong>Eisbahn<\/strong> darf nat\u00fcrlich nicht fehlen: Schlittschuhe k\u00f6nnen vor Ort ausgeliehen werden, und mit <strong>w\u00e4rmenden Getr\u00e4nken sowie weihnachtlichen Leckereien<\/strong> l\u00e4sst sich zwischendurch eine perfekte Pause einlegen.<\/p>\n<p>F\u00fcr Familien ist der Markt zudem eine ideale Unternehmung, denn es gibt regelm\u00e4\u00dfige<strong> Familientage zum Aktionspreis<\/strong>. Die n\u00e4chsten Termine sind am <strong>02. Dezember, 09. Dezember, 15. Dezember und 07. Januar<\/strong>. Der Weihnachtsmarkt im Tierpark ist noch bis einschlie\u00dflich<strong> 10. Januar<\/strong> in Berlin zu erleben.<\/p>\n<p> <img loading=\"lazy\" decoding=\"async\" class=\"size-full wp-image-22482\" src=\"data:image\/svg+xml,%3Csvg%20xmlns=\" http:=\"\" alt=\"Weihnachten im Tierpark\" width=\"1200\" height=\"800\" data-lazy- data-lazy- data-lazy-src=\"https:\/\/www.europesays.com\/de\/wp-content\/uploads\/2025\/11\/christmas-garden-hamburg-2024-interkative-kugeln-1.jpg\"\/>Foto: Weihnachten im Tierpark   <\/p>\n<p>Zu beachten ist, dass ihr ab dem Kaufzeitfenster eurer Tickets 20 Minuten Zeit habt, den Tierpark zu betreten. Danach k\u00f6nnt ihr euch nat\u00fcrlich so lange aufhalten, wie ihr m\u00f6chtet. Euch erwartet ein aufwendig gestaltetes <strong>Winter- und Lichterparadies<\/strong>, das mit traumhaft inszenierten Installationen f\u00fcr eine m\u00e4rchenhafte Atmosph\u00e4re sorgt. <strong>Natur, Architektur und Lichtkunst<\/strong> kommen hier zur Weihnachtszeit auf besonders stimmungsvolle Weise zusammen. Tickets k\u00f6nnt ihr euch ganz einfach \u00fcber die <a href=\"https:\/\/www.weihnachten-im-tierpark.de\/\" rel=\"nofollow noopener\" target=\"_blank\" class=\"shortcode-outbound-link\" data-has-ga=\"true\" data-ga-type=\"click\" data-label=\"https:\/\/www.weihnachten-im-tierpark.de\/\" data-action=\"text_cta_5\" data-category=\"click_non_sales\">offizielle Webseite<\/a> sichern.<\/p>\n","protected":false},"excerpt":{"rendered":"Unz\u00e4hlige Lichtinstallationen, eingebettet in einzigartige Natur an einem der ikonischsten Orte der Stadt. Dieses besondere Weihnachtserlebnis gibt es&hellip;\n","protected":false},"author":2,"featured_media":603913,"comment_status":"","ping_status":"","sticky":false,"template":"","format":"standard","meta":{"footnotes":""},"categories":[1825],"tags":[296,29,30,12289,4951],"class_list":{"0":"post-603912","1":"post","2":"type-post","3":"status-publish","4":"format-standard","5":"has-post-thumbnail","7":"category-berlin","8":"tag-berlin","9":"tag-deutschland","10":"tag-germany","11":"tag-weihnachten","12":"tag-winter"},"share_on_mastodon":{"url":"https:\/\/pubeurope.com\/@de\/115616683529358249","error":""},"_links":{"self":[{"href":"https:\/\/www.europesays.com\/de\/wp-json\/wp\/v2\/posts\/603912","targetHints":{"allow":["GET"]}}],"collection":[{"href":"https:\/\/www.europesays.com\/de\/wp-json\/wp\/v2\/posts"}],"about":[{"href":"https:\/\/www.europesays.com\/de\/wp-json\/wp\/v2\/types\/post"}],"author":[{"embeddable":true,"href":"https:\/\/www.europesays.com\/de\/wp-json\/wp\/v2\/users\/2"}],"replies":[{"embeddable":true,"href":"https:\/\/www.europesays.com\/de\/wp-json\/wp\/v2\/comments?post=603912"}],"version-history":[{"count":0,"href":"https:\/\/www.europesays.com\/de\/wp-json\/wp\/v2\/posts\/603912\/revisions"}],"wp:featuredmedia":[{"embeddable":true,"href":"https:\/\/www.europesays.com\/de\/wp-json\/wp\/v2\/media\/603913"}],"wp:attachment":[{"href":"https:\/\/www.europesays.com\/de\/wp-json\/wp\/v2\/media?parent=603912"}],"wp:term":[{"taxonomy":"category","embeddable":true,"href":"https:\/\/www.europesays.com\/de\/wp-json\/wp\/v2\/categories?post=603912"},{"taxonomy":"post_tag","embeddable":true,"href":"https:\/\/www.europesays.com\/de\/wp-json\/wp\/v2\/tags?post=603912"}],"curies":[{"name":"wp","href":"https:\/\/api.w.org\/{rel}","templated":true}]}}