{"id":603925,"date":"2025-11-26T15:29:17","date_gmt":"2025-11-26T15:29:17","guid":{"rendered":"https:\/\/www.europesays.com\/de\/603925\/"},"modified":"2025-11-26T15:29:17","modified_gmt":"2025-11-26T15:29:17","slug":"alicia-alvarez-verlaesst-morningshow-moderatorin-wird-mama","status":"publish","type":"post","link":"https:\/\/www.europesays.com\/de\/603925\/","title":{"rendered":"Alicia Alvarez verl\u00e4sst Morningshow \u2013 Moderatorin wird Mama"},"content":{"rendered":"<p>&#8222;Kleines Wunder&#8220; <\/p>\n<p>Hamburger Moderatorin verk\u00fcndet: &#8222;Ich werde Mama&#8220;<\/p>\n<p>26.11.2025 &#8211; 15:53 UhrLesedauer: 2 Min.<\/p>\n<p><a href=\"#focus-0\" class=\"transition-colors duration-200 block text-current relative\" data-sctrack=\"FocusGalleryImage.Reference\"><img fetchpriority=\"high\" data-testid=\"Opener.Image\" style=\"--lqipURL:url('https:\/\/images.t-online.de\/2025\/11\/-jjTXlWz7OHf\/90x344:2419x1361\/fit-in\/150x0\/filters:blur(25)\/alicia-alvarez-beim-deutschen-radiopreis-archivbild-die-31-jaehrige-wird-bald-mutter-und-legt-eine-pause-als-moderatorin-ein.jpg')\"   loading=\"eager\" src=\"https:\/\/www.europesays.com\/de\/wp-content\/uploads\/2025\/11\/alicia-alvarez-beim-deutschen-radiopreis-archivbild-die-31-jaehrige-wird-bald-mutter-und-legt-eine-p.jpeg\" alt=\"Alicia Alvarez beim Deutschen Radiopreis (Archivbild): Die 31-J\u00e4hrige wird bald Mutter und legt eine Pause als Moderatorin ein.\" title=\"Alicia Alvarez beim Deutschen Radiopreis (Archivbild): Die 31-J\u00e4hrige wird bald Mutter und legt eine Pause als Moderatorin ein.\" width=\"2419\" height=\"1361\" class=\"bg-[url:var(--lqipURL)] bg-cover bg-center flex h-full w-full max-w-full\" decoding=\"async\"\/><img style=\"--width:32;--height:32\" loading=\"lazy\" src=\"https:\/\/hamburg.t-online.de\/s\/paper\/_next\/static\/media\/zoom-in.f7dae02f.svg\" alt=\"Vergr\u00f6\u00dfern des Bildes\" title=\"Vergr\u00f6\u00dfern des Bildes\" class=\"block h-[calc(var(--height)_\/_16_*_1rem)] w-[calc(var(--width)_\/_16_*_1rem)] max-w-none absolute bottom-8 right-8 rounded-4 bg-snow p-8\" decoding=\"async\"\/><\/a><\/p>\n<p>Alicia Alvarez beim Deutschen Radiopreis (Archivbild): Die 31-J\u00e4hrige wird bald Mutter und legt eine Pause als Moderatorin ein. (Quelle: IMAGO\/Eventpress MP)<\/p>\n<p class=\"font-bold text-18 leading-17\">Alicia Alvarez verl\u00e4sst Radio Hamburg: Die beliebte Moderatorin bekommt ihr erstes Kind. Kollegen und Fans freuen sich \u00fcber das kommende &#8222;kleine Wunder&#8220;.<\/p>\n<p class=\"text-18 leading-17\">Seit fast vier Jahren weckt Alicia Alvarez die Hamburger gemeinsam mit Kult-Moderator John Ment in der Morningshow von Radio <a class=\"transition-colors duration-200 cursor-pointer text-inherit no-underline text-salemsfur md:hover:text-magenta md:hover:border-magenta md:focus:text-magenta border-current border-b border-solid break-words\" href=\"https:\/\/hamburg.t-online.de\/region\/hamburg\/\" data-sctrack=\"BodyAnchor\" rel=\"nofollow noopener\" target=\"_blank\">Hamburg<\/a>. Am Dienstag hatte die 31-J\u00e4hrige wichtige Nachrichten f\u00fcr ihre Zuh\u00f6rer: Schon bald wird sie die Sendung verlassen \u2013 weil sie Nachwuchs bekommt.<\/p>\n<p class=\"text-18 leading-17\">Um 7.17 Uhr verk\u00fcndete Alvarez&#8216; die Neuigkeiten selbst live auf Sendung: &#8222;Ich werde Mama!&#8220; Es handele sich um die &#8222;gr\u00f6\u00dfte und vielleicht spannendste Reise ihres Lebens&#8220;, sagte sie. &#8222;Es ist alles anders. Man sp\u00fcrt pl\u00f6tzlich so viel. Vorfreude, Verantwortung, manchmal auch Angst und \u00dcberforderung, alles gleichzeitig. Vor allem aber eins: Eine Liebe, die sehr schwer in Worte zu fassen ist.&#8220;<\/p>\n<p class=\"text-18 leading-17\">Alicia Alvarez und ihr Freund erwarten das Baby im M\u00e4rz 2026, teilte der Sender mit. Die werdende Mama selbst sagte: &#8222;F\u00fcr mich geht ein riesiger Wunsch in Erf\u00fcllung. Ich freue mich so sehr auf unser kleines Wunder \u2013 und bin unglaublich dankbar f\u00fcr all die Liebe und Unterst\u00fctzung hier im Sender.&#8220;<\/p>\n<p class=\"text-18 leading-17\">Auch ihr Arbeitgeber freut sich f\u00fcr die Morgen-Moderatorin: &#8222;Wir k\u00f6nnten nicht gl\u00fccklicher sein, dass ihre Familie jetzt w\u00e4chst&#8220;, sagte Programmleiter Niklas Naujoks. Kollege John Ment ist sich bereits sicher: &#8222;Alicia wird eine gro\u00dfartige Mama&#8220;.<\/p>\n<p class=\"text-18 leading-17\">Alvarez&#8216; Fans zeigten sich in den sozialen Netzwerken \u00fcbergl\u00fccklich f\u00fcr die 31-J\u00e4hrige. Der Instagram-Post von Radio Hamburg sammelte am Dienstag mehr als 2.500 Likes ein. Die H\u00f6rerinnen und H\u00f6rer kommentierten mit unz\u00e4hligen Nachrichten wie &#8222;Alles Liebe f\u00fcr euch&#8220;, &#8222;Pure G\u00e4nsehaut&#8220;, &#8222;Ich w\u00fcnsche dir alles Gl\u00fcck der Welt&#8220;, &#8222;Danke f\u00fcr die G\u00e4nsehaut&#8220; oder &#8222;Auf eine wundersch\u00f6ne Zeit&#8220;.<\/p>\n<p class=\"text-18 leading-17\">So lange es ihr gut geht, wird Alicia Alvarez weiterhin hinter dem Mikrofon stehen. Sobald die Morgen-Moderatorin in den Mutterschutz und die Babypause geht, wird Lea Kruse ihren Platz neben John Ment einnehmen. Kruse sei nicht nur die Schwangerschaftsvertretung, sondern zugleich die beste Freundin der werdenden Mama, hie\u00df es von Radio Hamburg: &#8222;Alicia und Lea lernten sich im Sender kennen und sind seitdem unzertrennlich.&#8220;<\/p>\n","protected":false},"excerpt":{"rendered":"&#8222;Kleines Wunder&#8220; Hamburger Moderatorin verk\u00fcndet: &#8222;Ich werde Mama&#8220; 26.11.2025 &#8211; 15:53 UhrLesedauer: 2 Min. Alicia Alvarez beim Deutschen&hellip;\n","protected":false},"author":2,"featured_media":603926,"comment_status":"","ping_status":"","sticky":false,"template":"","format":"standard","meta":{"footnotes":""},"categories":[1772],"tags":[23207,144001,29,214,30,692,38178,1460,1779,810,215],"class_list":{"0":"post-603925","1":"post","2":"type-post","3":"status-publish","4":"format-standard","5":"has-post-thumbnail","7":"category-musik","8":"tag-alicia-alvarez","9":"tag-deutscher-radiopreis","10":"tag-deutschland","11":"tag-entertainment","12":"tag-germany","13":"tag-hamburg","14":"tag-john-ment","15":"tag-kind","16":"tag-music","17":"tag-musik","18":"tag-unterhaltung"},"share_on_mastodon":{"url":"https:\/\/pubeurope.com\/@de\/115616717069200378","error":""},"_links":{"self":[{"href":"https:\/\/www.europesays.com\/de\/wp-json\/wp\/v2\/posts\/603925","targetHints":{"allow":["GET"]}}],"collection":[{"href":"https:\/\/www.europesays.com\/de\/wp-json\/wp\/v2\/posts"}],"about":[{"href":"https:\/\/www.europesays.com\/de\/wp-json\/wp\/v2\/types\/post"}],"author":[{"embeddable":true,"href":"https:\/\/www.europesays.com\/de\/wp-json\/wp\/v2\/users\/2"}],"replies":[{"embeddable":true,"href":"https:\/\/www.europesays.com\/de\/wp-json\/wp\/v2\/comments?post=603925"}],"version-history":[{"count":0,"href":"https:\/\/www.europesays.com\/de\/wp-json\/wp\/v2\/posts\/603925\/revisions"}],"wp:featuredmedia":[{"embeddable":true,"href":"https:\/\/www.europesays.com\/de\/wp-json\/wp\/v2\/media\/603926"}],"wp:attachment":[{"href":"https:\/\/www.europesays.com\/de\/wp-json\/wp\/v2\/media?parent=603925"}],"wp:term":[{"taxonomy":"category","embeddable":true,"href":"https:\/\/www.europesays.com\/de\/wp-json\/wp\/v2\/categories?post=603925"},{"taxonomy":"post_tag","embeddable":true,"href":"https:\/\/www.europesays.com\/de\/wp-json\/wp\/v2\/tags?post=603925"}],"curies":[{"name":"wp","href":"https:\/\/api.w.org\/{rel}","templated":true}]}}