{"id":603981,"date":"2025-11-26T16:04:13","date_gmt":"2025-11-26T16:04:13","guid":{"rendered":"https:\/\/www.europesays.com\/de\/603981\/"},"modified":"2025-11-26T16:04:13","modified_gmt":"2025-11-26T16:04:13","slug":"militaers-kritisieren-geplante-aufloesung-der-internationalen-legion","status":"publish","type":"post","link":"https:\/\/www.europesays.com\/de\/603981\/","title":{"rendered":"Milit\u00e4rs kritisieren geplante Aufl\u00f6sung der \u201einternationalen Legion\u201c"},"content":{"rendered":"<p class=\"tspANhu tspANhv\">Die Ukraine plant offenbar, die \u201eInternationale Legion\u201c, aufzul\u00f6sen \u2013 eine der wichtigsten Strukturen, die ausl\u00e4ndische Freiwillige in ihre Reihen gebracht hat. <strong>Die Legion\u00e4re bef\u00fcrchten nun, dass sie in unbekannte Strukturen verstreut werden<\/strong> \u2013 was ihrer Meinung nach Menschenleben kosten k\u00f6nnte, <a href=\"https:\/\/kyivindependent.com\/exclusive-ukraine-plans-to-effectively-dismantle-international-legion-sources-say\/\" target=\"_blank\" rel=\"noopener nofollow\" class=\"link link--external\" data-gtm-class=\"article-text-link\" data-gtm-val=\"external\" aria-describedby=\"message-target-blank\">wie \u201eKyiv Independent\u201c berichtet<\/a>.<\/p>\n<p class=\"tspANhu\">Vor zwei Wochen schon hatte die ukrainische Armee auf Facebook erkl\u00e4rt, <strong>dass sich ihr System der Zusammenarbeit mit ausl\u00e4ndischen Freiwilligen \u00e4ndern werde<\/strong>. \u201eDas Grundprinzip des neuen Modells besteht darin, ihre Erfahrung, Motivation und F\u00e4higkeiten in den Einheiten, in denen sie am dringendsten ben\u00f6tigt werden, m\u00f6glichst effektiv zu nutzen\u201c, hie\u00df es in dem Beitrag.<\/p>\n<p class=\"tspANhu\"><strong>\u201eUnsere gr\u00f6\u00dfte Sorge ist, dass die Einheiten auseinandergerissen werden\u201c<\/strong>, sagt ein Soldat der Legion jetzt zu \u201eKyiv Independent\u201c. \u201eDas bedeutet, dass die Soldaten einem anderen Kommando unterstehen \u2013 und mit solchen Ver\u00e4nderungen gehen Fehler einher. Die k\u00f6nnten vermieden werden, wenn man einfach die derzeitige Struktur beibehalten w\u00fcrde.\u201c<\/p>\n<p class=\"tspANhu\">Ein ehemaliger Kommandeur einer der Legion-Einheiten, Ruslan Myroshnychenko, bezeichnet die geplante \u00c4nderung im \u201eKyiv Independent\u201c als \u201eabsurd\u201c. Er sagt, dass das hart erk\u00e4mpfte Vertrauen auf dem Spiel stehe, insbesondere f\u00fcr Ausl\u00e4nder, die ihr Heimatland verlassen und sich trotz \u201ehoher Sterbewahrscheinlichkeit\u201c zum Kampf entschlossen h\u00e4tten. <strong>\u201eWenn man das Vertrauen verliert, verliert man den Soldaten. Und dann bricht er den Vertrag\u201c<\/strong>, sagt Myroshnychenko.<\/p>\n<p class=\"tspANhu\">Ein US-amerikanischer Soldat, der in der Legion gedient hatte, nun aber zu einer anderen Einheit dient, wird im \u201eKyiv Independent\u201c noch deutlicher: <strong>\u201eWenn sie das tun, werden viele Menschen sterben.\u201c<\/strong><\/p>\n<p> Die wichtigsten Nachrichten des Tages <\/p>\n<ul data-qa-hook=\"story-list-ul\" class=\"tspBPls\">\n<li class=\"tspBPhh tspBPhh\">Der US-Sondergesandte Steve Witkoff soll Putin-Berater Juri Uschakow <strong>Tipps gegeben haben, wie sich US-Pr\u00e4sident Donald Trump beeinflussen l\u00e4sst<\/strong>. Einem \u201eBloomberg\u201c-Bericht zufolge schlug Witkoff ein Gespr\u00e4ch zwischen Trump und dem russischen Pr\u00e4sidenten Wladimir Putin vor. Zudem wollte er daraufhin ein Friedensplan f\u00fcr die Ukraine erstellen \u2013 genau so kam es dann sp\u00e4ter. <a href=\"https:\/\/www.tagesspiegel.de\/internationales\/juri-ich-wurde-folgendes-tun-us-sondergesandter-witkoff-gab-putin-berater-tipps-wie-sich-trump-beeinflussen-lasst-14944415.html?icid=in-text-link_14954759\" class=\"link link--internal\" data-gtm-class=\"article-text-link\" data-gtm-val=\"internal\" rel=\"nofollow noopener\" target=\"_blank\">Mehr dazu hier.<\/a><\/li>\n<li class=\"tspBPhh tspBPhh\">Der Kreml hat die Ver\u00f6ffentlichung eines Telefonats zwischen hochrangigen Vertretern des Kremls und den USA als Versuch bezeichnet, <strong>die Gespr\u00e4che \u00fcber ein m\u00f6gliches Ukraine-Friedensabkommen zu behindern<\/strong>.\u00a0\u201eEs ist unwahrscheinlich, dass dies zur Verbesserung der Beziehungen geschah\u201c, sagte Putin-Berater Uschakow.<\/li>\n<li class=\"tspBPhh tspBPhh\">Nach Recherchen des Investigativjournalisten Christo Grozev weist der vergangene Woche geleakte\u00a028\u2011Punkte\u2011Friedensplan\u00a0f\u00fcr die Ukraine\u00a0<strong>auff\u00e4llige Parallelen zu einem Entwurf auf, der bereits vor Monaten innerhalb russischer Machtzirkel entstanden sein soll<\/strong>. <a href=\"https:\/\/www.tagesspiegel.de\/internationales\/schon-vor-monaten-in-russland-entworfen-28-punkte-plan-zur-ukraine-wies-grosse-parallelen-zu-kreml-konzept-auf-14951081.html?icid=in-text-link_14954759\" class=\"link link--internal\" data-gtm-class=\"article-text-link\" data-gtm-val=\"internal\" rel=\"nofollow noopener\" target=\"_blank\">Mehr dazu hier.<\/a><\/li>\n<li class=\"tspBPhh tspBPhh\">Der US-amerikanische Heeresminister Dan Driscoll soll die ukrainische Delegation direkt nach der Pr\u00e4sentation des US-Friedensplans <strong>mit einer\u00a0Reihe von d\u00fcsteren Prognosen und Schreckensbotschaften konfrontiert haben<\/strong>. Das berichtet der US-amerikanischen Nachrichtensender\u00a0\u201eNBC News\u201c.\u00a0<a href=\"https:\/\/www.tagesspiegel.de\/internationales\/die-botschaft-lautete-ihr-verliert-mit-welchen-dusteren-prognosen-die-usa-die-ukraine-zur-friedensplan-zusage-drangen-wollte-14946665.html?icid=in-text-link_14954759\" class=\"link link--internal\" data-gtm-class=\"article-text-link\" data-gtm-val=\"internal\" rel=\"nofollow noopener\" target=\"_blank\">Mehr dazu hier.<\/a><\/li>\n<li class=\"tspBPhh tspBPhh\">Trump ist <strong>von einer zuvor angedeuteten Frist f\u00fcr ein Friedensabkommen zwischen der Ukraine und Russland abger\u00fcckt.\u00a0<\/strong>\u201eDie Frist f\u00fcr mich ist, wenn es vorbei ist\u201c, sagte Trump gegen\u00fcber Reportern an Bord der Pr\u00e4sidentenmaschine Air Force One.<\/li>\n<li class=\"tspBPhh tspBPhh\">Die <strong>Europ\u00e4ische Union begr\u00fc\u00dft die Friedensbem\u00fchungen Trumps<\/strong>, h\u00e4lt jedoch noch viel mehr Anstrengungen f\u00fcr notwendig. \u201eAber wir haben einen Anfangspunkt\u201c, sagte EU-Kommissionspr\u00e4sidentin Ursula von der Leyen.<\/li>\n<li class=\"tspBPhh tspBPhh\">US-Au\u00dfenminister Marco Rubio hat einen Beitrag von NBC News\u00a0\u00fcber <strong>die angebliche Existenz zweier Lager in der US-Regierung\u00a0zum russisch-ukrainischen Krieg als Fake News bezeichnet<\/strong>. Rubio sagte, dies sei\u00a0\u201enur das j\u00fcngste Beispiel einer langen Reihe von 100 Prozent falschen Nachrichten\u201c.<\/li>\n<li class=\"tspBPhh tspBPhh\">Die \u201eKoalition der Willigen\u201c zur Unterst\u00fctzung der Ukraine hat nach Angaben der Bundesregierung bei einem virtuellen Treffen die Notwendigkeit der <strong>Beteiligung Kiews an den diplomatischen Bem\u00fchungen um ein Ende des Krieges in der Ukraine unterstrichen<\/strong>. \u201eJede L\u00f6sung muss die Ukraine vollst\u00e4ndig einbeziehen, ihre Souver\u00e4nit\u00e4t wahren und ihre langfristige Sicherheit gew\u00e4hrleisten\u201c, hie\u00df es.<\/li>\n<li class=\"tspBPhh tspBPhh\">Am Mittwoch hat die ukrainische Online-Zeitung\u00a0\u201eUkrajinska Prawda\u201c gemeldet, dass die stark umk\u00e4mpfte ukrainische Stadt Pokrowsk im westlichen Teil der Oblast Donezk weitestgehend von russischen Truppen eingenommen worden sei. <strong>\u201ePokrowsk ist weitgehend verloren\u201c, hei\u00dft es in dem Bericht<\/strong>. <a href=\"https:\/\/www.tagesspiegel.de\/internationales\/die-stadt-kann-man-vergessen-pokrowsk-soll-jetzt-grosstenteils-unter-russlands-kontrolle-sein-14948810.html?icid=in-text-link_14954759\" class=\"link link--internal\" data-gtm-class=\"article-text-link\" data-gtm-val=\"internal\" rel=\"nofollow noopener\" target=\"_blank\">Mehr dazu hier.<\/a><\/li>\n<li class=\"tspBPhh tspBPhh\">Russland erzielt nach den Worten von Nato-Generalsekret\u00e4r Mark Rutte trotz enormer personeller Verluste an der Front in der Ukraine keine wesentlichen Fortschritte.\u00a0<strong>\u201eRussland verliert jeden Monat rund 20.000 Soldaten.<\/strong> Das sind V\u00e4ter und S\u00f6hne, die sterben, ohne nennenswerte Gebietsgewinne zu erzielen\u201c, sagte Rutte den Zeitungen des Redaktionsnetzwerks Deutschland. <a href=\"https:\/\/www.tagesspiegel.de\/internationales\/liveblog\/nato-generalsekretar-rutte-russland-verliert-jeden-monat-rund-20000-soldaten-4309180.html?icid=in-text-link_14954759\" class=\"link link--internal\" data-gtm-class=\"article-text-link\" data-gtm-val=\"internal\" rel=\"nofollow noopener\" target=\"_blank\">Mehr dazu im Newsblog.<\/a><\/li>\n<li class=\"tspBPhh tspBPhh\">Angesichts der Friedensbem\u00fchungen f\u00fcr die Ukraine hat Italiens stellvertretender Ministerpr\u00e4sident Matteo Salvini <strong>Deutschland und Frankreich Kriegstreiberei unterstellt<\/strong>.\u00a0\u201eMan hat den Eindruck, dass einige in Paris und Berlin interne Probleme haben und den Krieg fortsetzen wollen\u201c, sagte der rechtspopulistische Politiker\u00a0der Zeitung \u201eLa Repubblica\u201c.<\/li>\n<\/ul>\n<p> Hintergrund &amp; Analyse <a href=\"https:\/\/www.tagesspiegel.de\/internationales\/wut-in-der-ukraine-uber-gestiegene-ausreisen-in-zwei-jahren-gibt-es-niemanden-mehr-der-kampfen-kann-14910152.html?icid=topic-list_14954759___\" data-gtm-class=\"article-mzt-link\" class=\"tspBRlx\" rel=\"nofollow noopener\" target=\"_blank\">Wut in der Ukraine \u00fcber gestiegene Ausreisen \u201eIn zwei Jahren gibt es niemanden mehr, der k\u00e4mpfen kann\u201c <\/a><a href=\"https:\/\/www.tagesspiegel.de\/internationales\/trumps-drone-guy-daniel-driscoll-der-us-verhandler-der-selenskyj-die-schlechten-nachrichten-uberbringt-14932640.html?icid=topic-list_14954759___\" data-gtm-class=\"article-mzt-link\" class=\"tspBRlx\" rel=\"nofollow noopener\" target=\"_blank\">Trumps \u201edrone guy\u201c Daniel Driscoll Der US-Verhandler, der Selenskyj die schlechten Nachrichten \u00fcberbringt <\/a><a href=\"https:\/\/www.tagesspiegel.de\/internationales\/die-letzte-chance-fur-diplomatie-trump-muss-maximalen-druck-auf-putin-ausuben-14948774.html?icid=topic-list_14954759___\" data-gtm-class=\"article-mzt-link\" class=\"tspBRlx\" rel=\"nofollow noopener\" target=\"_blank\">Die letzte Chance f\u00fcr Diplomatie Trump muss maximalen Druck auf Putin aus\u00fcben <\/a><\/p>\n","protected":false},"excerpt":{"rendered":"Die Ukraine plant offenbar, die \u201eInternationale Legion\u201c, aufzul\u00f6sen \u2013 eine der wichtigsten Strukturen, die ausl\u00e4ndische Freiwillige in ihre&hellip;\n","protected":false},"author":2,"featured_media":603982,"comment_status":"","ping_status":"","sticky":false,"template":"","format":"standard","meta":{"footnotes":""},"categories":[4012],"tags":[331,332,106,291,13,1435,14,15,307,12,317,312,64,306,107],"class_list":{"0":"post-603981","1":"post","2":"type-post","3":"status-publish","4":"format-standard","5":"has-post-thumbnail","7":"category-ukraine","8":"tag-aktuelle-nachrichten","9":"tag-aktuelle-news","10":"tag-donald-trump","11":"tag-facebook","12":"tag-headlines","13":"tag-krieg-in-der-ukraine","14":"tag-nachrichten","15":"tag-news","16":"tag-russland","17":"tag-schlagzeilen","18":"tag-ukraine","19":"tag-ukrainekrieg","20":"tag-usa","21":"tag-wladimir-putin","22":"tag-wolodymyr-selenskyj"},"share_on_mastodon":{"url":"","error":""},"_links":{"self":[{"href":"https:\/\/www.europesays.com\/de\/wp-json\/wp\/v2\/posts\/603981","targetHints":{"allow":["GET"]}}],"collection":[{"href":"https:\/\/www.europesays.com\/de\/wp-json\/wp\/v2\/posts"}],"about":[{"href":"https:\/\/www.europesays.com\/de\/wp-json\/wp\/v2\/types\/post"}],"author":[{"embeddable":true,"href":"https:\/\/www.europesays.com\/de\/wp-json\/wp\/v2\/users\/2"}],"replies":[{"embeddable":true,"href":"https:\/\/www.europesays.com\/de\/wp-json\/wp\/v2\/comments?post=603981"}],"version-history":[{"count":0,"href":"https:\/\/www.europesays.com\/de\/wp-json\/wp\/v2\/posts\/603981\/revisions"}],"wp:featuredmedia":[{"embeddable":true,"href":"https:\/\/www.europesays.com\/de\/wp-json\/wp\/v2\/media\/603982"}],"wp:attachment":[{"href":"https:\/\/www.europesays.com\/de\/wp-json\/wp\/v2\/media?parent=603981"}],"wp:term":[{"taxonomy":"category","embeddable":true,"href":"https:\/\/www.europesays.com\/de\/wp-json\/wp\/v2\/categories?post=603981"},{"taxonomy":"post_tag","embeddable":true,"href":"https:\/\/www.europesays.com\/de\/wp-json\/wp\/v2\/tags?post=603981"}],"curies":[{"name":"wp","href":"https:\/\/api.w.org\/{rel}","templated":true}]}}