{"id":604569,"date":"2025-11-26T21:35:52","date_gmt":"2025-11-26T21:35:52","guid":{"rendered":"https:\/\/www.europesays.com\/de\/604569\/"},"modified":"2025-11-26T21:35:52","modified_gmt":"2025-11-26T21:35:52","slug":"schuss-auf-kind-12-in-bochum-anwalt-kritisiert-polizei-scharf","status":"publish","type":"post","link":"https:\/\/www.europesays.com\/de\/604569\/","title":{"rendered":"Schuss auf Kind (12) in Bochum: Anwalt kritisiert Polizei scharf"},"content":{"rendered":"<p id=\"absatz1\" class=\"em_text\">Bochum (dpa). Der Anwalt des durch einen Polizeischuss lebensgef\u00e4hrlich verletzten M\u00e4dchens in Bochum wirft den Ermittlern manipulative Darstellung in eigener Sache vor. Die geh\u00f6rlose Mutter sowie der ebenfalls geh\u00f6rlose Bruder des M\u00e4dchens schilderten die Einsatzsituation demnach ganz anders als die Polizei es in ihrer \u201eaggressiven Pressearbeit\u201c tue, sagte Sim\u00f3n Barrera Gonz\u00e1lez der Deutschen Presseagentur.<\/p>\n<p id=\"absatz2\" class=\"em_text\">\u201eDas alles ist ja im Moment noch gar nicht ausermittelt \u2013 und trotzdem stellt sich der Innenminister bereits sch\u00fctzend vor die Polizei\u201c, kritisiert er. Gemeinsam mit der Staatsanwaltschaft versuche die Polizei mit ihren Aussagen gegen\u00fcber Medien, das aus seiner Sicht fragw\u00fcrdige Narrativ zu pr\u00e4gen, der Beamte habe aus Notwehr geschossen. \u201eSo etwas pr\u00e4gt Strafverfahren und n\u00e4hrt gleichzeitig Zweifel an der Objektivit\u00e4t der ermittelnden Beh\u00f6rden\u201c, so der Anwalt des M\u00e4dchens.<\/p>\n<p id=\"absatz4\" class=\"em_text\">Die geh\u00f6rlose Zw\u00f6lfj\u00e4hrige war in der Nacht zum 17. November bei einem Polizeieinsatz in Bochum durch einen Schuss in den Bauch lebensgef\u00e4hrlich verletzt worden. Die Polizisten waren ausger\u00fcckt, weil das M\u00e4dchen seit Sonntag in seiner Wohngruppe in M\u00fcnster vermisst wurde und offensichtlich zur Mutter nach Bochum gefahren war. Weil das M\u00e4dchen nach Auskunft der Polizei lebenswichtige Medikamente einnehme, hatten vier Beamte an der Wohnungst\u00fcr der Mutter geklingelt, bevor die Situation eskalierte.<\/p>\n<p>Wie die Familie den Einsatz erlebte<\/p>\n<p class=\"em_text\">Er habe die Familie inzwischen ausf\u00fchrlich mithilfe eines Geb\u00e4rdendolmetschers befragt, berichtet nun der Anwalt des M\u00e4dchens. Mutter und Bruder gaben demnach zu Protokoll, dass die Messer erst in einer Paniksituation ins Spiel kamen, die die Polizei selbst verursacht habe. Zun\u00e4chst habe die Polizei in der Wohnung den Strom abgedreht. \u201eSie haben also geh\u00f6rlose Menschen in dieser Wohnung sozusagen noch zus\u00e4tzlich blind gemacht\u201c, sagt Barrera Gonz\u00e1lez. Als die Mutter dann \u00e4ngstlich die T\u00fcr ge\u00f6ffnet habe, habe man sie mit vorgehaltener Waffe zu Boden gebracht und mit Handschellen fixiert.<\/p>\n<p id=\"absatz6\"><b class=\"bold\">Lesen Sie auch:<\/b> <a href=\"https:\/\/www.nw.de\/nachrichten\/panorama\/24220016_Keine-Bodycam-Aufnahmen-von-Polizeischuss-auf-Zwoelfjaehrige.html\" rel=\"nofollow noopener\" target=\"_blank\">Keine Bodycam-Aufnahmen von Polizeischuss auf Zw\u00f6lfj\u00e4hrige<\/a><\/p>\n<p id=\"absatz7\" class=\"em_text\">\u201eDie Polizei hat da aus meiner Sicht einen Zugriff inszeniert, wie man ihn gegen Organisierte Kriminalit\u00e4t erwarten d\u00fcrfte, aber doch nicht um ein vermisstes zw\u00f6lfj\u00e4hriges M\u00e4dchen zu suchen\u201c, so Barrera Gonz\u00e1lez. Die Polizei hatte in ihrer letzten Pressemitteilung berichtet, die Mutter sei fixiert worden, weil sie den Einsatzkr\u00e4ften den Zutritt zur Wohnung versperrte.<\/p>\n<p>        <a href=\"https:\/\/www.nw.de\/_em_daten\/_cache\/image\/1xblY5ZWlKTjJTYjUwc1NOV3NJVFAyUW1qU1VjZWlUTVJ5V2tLK3hBbklYeWNNM1ZEMmY5QzBxbEZkWW9NNGRLblNvSmp2a01CdVJCSHV5dWxxbGhhdmxhbVVEZUZZM2lqQ0dtQjJBQUhhNjA9\/251126-1527-684872044.jpg\" class=\"nw-article-image\" title=\"In diesem Mehrfamilienhaus in Bochum kommt es zu einem dramatischen Einsatz. Der Anwalt kritisiert den Zugriff der Polizei als inszeniert.\" data-glightbox=\"type: image; description: In diesem Mehrfamilienhaus in Bochum kommt es zu einem dramatischen Einsatz. Der Anwalt kritisiert den Zugriff der Polizei als inszeniert.  | \u00a9 Christoph Reichwein\/dpa \" rel=\"nofollow noopener\" target=\"_blank\"><br \/>\n            <img decoding=\"async\" src=\"https:\/\/www.europesays.com\/de\/wp-content\/uploads\/2025\/11\/251126-1527-684872044.jpg\" class=\"nw-img-fluid nw-w-full nw-lazy nw-rounded-t-md\" alt=\"In diesem Mehrfamilienhaus in Bochum kommt es zu einem dramatischen Einsatz. Der Anwalt kritisiert den Zugriff der Polizei als inszeniert. - \u00a9 Christoph Reichwein\/dpa\" data-format=\"16:9\"\/><br \/>\n        <\/a><\/p>\n<p>                In diesem Mehrfamilienhaus in Bochum kommt es zu einem dramatischen Einsatz. Der Anwalt kritisiert den Zugriff der Polizei als inszeniert.<br \/>\n                                    | \u00a9 Christoph Reichwein\/dpa<\/p>\n<p id=\"absatz8\" class=\"em_text\">Als dann die Polizisten die Wohnung betraten, sei das M\u00e4dchen aus der K\u00fcche gekommen und habe die Beamten mit zwei gr\u00f6\u00dferen K\u00fcchenmessern angegriffen. Als es sich unmittelbar vor den Polizisten befand, fiel der Schuss. Ein anderer Beamte habe zeitgleich einen Taser eingesetzt.<\/p>\n<p>Angeschossenes M\u00e4dchen noch nicht vernehmungsf\u00e4hig<\/p>\n<p id=\"absatz9\" class=\"em_text\">\u201eEs war aber nach meiner juristischen Bewertung kein unmittelbar bevorstehender Messerangriff\u201c, sagt Barrera Gonz\u00e1lez. Die Polizei habe jede M\u00f6glichkeit des R\u00fcckzugs gehabt \u2013 diese zu nutzen, gelte umso mehr, weil es sich bei seiner Mandantin um ein Kind handele.<\/p>\n<p id=\"absatz10\" class=\"em_text\">Kritik \u00fcbt der Anwalt auch an den Aussagen der Polizei zum Gesundheitszustand des M\u00e4dchens: \u201eNoch w\u00e4hrend meine Mandantin im Krankenhaus um ihr Leben k\u00e4mpfte, hat die Polizei ihren Zustand als \u0082kritisch, aber stabil\u0091 bezeichnet\u201c. Er wirft der Polizei in diesem Zusammenhang eine Verletzung der Pers\u00f6nlichkeitsrechte vor, gegen die er vorgehen wolle.<\/p>\n<p id=\"absatz11\"><b class=\"bold\">Mehr zum Thema:<\/b> <a href=\"https:\/\/www.nw.de\/nachrichten\/zwischen_weser_und_rhein\/24215854_Polizei-schiesst-gehoerloses-Maedchen-12-in-Bochum-nieder-Zustand-des-Kindes-ist-kritisch.html\" rel=\"nofollow noopener\" target=\"_blank\">Polizei schie\u00dft geh\u00f6rloses M\u00e4dchen (12) in Bochum nieder \u2013 Zustand des Kindes ist kritisch<\/a><\/p>\n<p id=\"absatz12\" class=\"em_text\">Das angeschossene M\u00e4dchen selbst befinde sich noch auf der Intensivstation und sei noch nicht vernehmungsf\u00e4hig, so der Anwalt. Um die Privatsph\u00e4re seiner Mandantin zu sch\u00fctzen, wolle er nicht n\u00e4her auf ihre Gesundheit eingehen.<\/p>\n<p>Wie reagiert die Polizei auf die Vorw\u00fcrfe?<\/p>\n<p id=\"absatz13\" class=\"em_text\">Auf Nachfrage gibt die Polizei an, die Mordkommission habe die beteiligten Zeugen zeitnah nach dem Vorfall polizeilich vernommen. Anders als der Anwalt dies darstellt, seien auch Mutter und Bruder befragt worden. Dabei seien auch Geb\u00e4rdendolmetscher vor Ort gewesen.<\/p>\n<p id=\"absatz14\" class=\"em_text\">\u201eWir haben versucht, m\u00f6glichst objektiv anhand der Spurenlage und der Aussagen aller beteiligten Zeugen zu berichten, was in der Nacht passiert ist\u201c, sagte ein Sprecher der ermittelnden Polizei in Essen. Nach Abschluss der noch laufenden Ermittlungen m\u00fcsse ein Gericht entscheiden, ob das Vorgehen der beschuldigten Polizisten rechtm\u00e4\u00dfig gewesen sei oder nicht. <\/p>\n","protected":false},"excerpt":{"rendered":"Bochum (dpa). Der Anwalt des durch einen Polizeischuss lebensgef\u00e4hrlich verletzten M\u00e4dchens in Bochum wirft den Ermittlern manipulative Darstellung&hellip;\n","protected":false},"author":2,"featured_media":604570,"comment_status":"","ping_status":"","sticky":false,"template":"","format":"standard","meta":{"footnotes":"","_share_on_mastodon":"0"},"categories":[1839],"tags":[7507,3364,2520,29,553,30,16392,732,1611,8405,734,4282,16384,1613,1209,144129,121,16264,104126,1997],"class_list":["post-604569","post","type-post","status-publish","format-standard","has-post-thumbnail","category-bochum","tag-bochum","tag-de","tag-deutsche-presse-agentur","tag-deutschland","tag-familie","tag-germany","tag-label_blaulicht","tag-label_frei","tag-label_informiere-mich","tag-mnster","tag-meta_artikelklasse_nachricht","tag-meta_copyrights_dpa","tag-meta_themen_blaulicht_sicherheit","tag-meta_userneeds_informieremich","tag-nordrhein-westfalen","tag-objektivitt","tag-polizei","tag-polizeischuss","tag-pressearbeit","tag-staatsanwaltschaft"],"share_on_mastodon":{"url":"https:\/\/pubeurope.com\/@de\/115618158194986765","error":""},"_links":{"self":[{"href":"https:\/\/www.europesays.com\/de\/wp-json\/wp\/v2\/posts\/604569","targetHints":{"allow":["GET"]}}],"collection":[{"href":"https:\/\/www.europesays.com\/de\/wp-json\/wp\/v2\/posts"}],"about":[{"href":"https:\/\/www.europesays.com\/de\/wp-json\/wp\/v2\/types\/post"}],"author":[{"embeddable":true,"href":"https:\/\/www.europesays.com\/de\/wp-json\/wp\/v2\/users\/2"}],"replies":[{"embeddable":true,"href":"https:\/\/www.europesays.com\/de\/wp-json\/wp\/v2\/comments?post=604569"}],"version-history":[{"count":0,"href":"https:\/\/www.europesays.com\/de\/wp-json\/wp\/v2\/posts\/604569\/revisions"}],"wp:featuredmedia":[{"embeddable":true,"href":"https:\/\/www.europesays.com\/de\/wp-json\/wp\/v2\/media\/604570"}],"wp:attachment":[{"href":"https:\/\/www.europesays.com\/de\/wp-json\/wp\/v2\/media?parent=604569"}],"wp:term":[{"taxonomy":"category","embeddable":true,"href":"https:\/\/www.europesays.com\/de\/wp-json\/wp\/v2\/categories?post=604569"},{"taxonomy":"post_tag","embeddable":true,"href":"https:\/\/www.europesays.com\/de\/wp-json\/wp\/v2\/tags?post=604569"}],"curies":[{"name":"wp","href":"https:\/\/api.w.org\/{rel}","templated":true}]}}