{"id":604961,"date":"2025-11-27T01:26:12","date_gmt":"2025-11-27T01:26:12","guid":{"rendered":"https:\/\/www.europesays.com\/de\/604961\/"},"modified":"2025-11-27T01:26:12","modified_gmt":"2025-11-27T01:26:12","slug":"washington-zwei-soldaten-der-nationalgarde-angeschossen","status":"publish","type":"post","link":"https:\/\/www.europesays.com\/de\/604961\/","title":{"rendered":"Washington: Zwei Soldaten der Nationalgarde angeschossen"},"content":{"rendered":"<p>        US-Hauptstadt<br \/>\n      Sch\u00fcsse auf zwei Soldaten der Nationalgarde in Washington <\/p>\n<p>            Artikel anh\u00f6ren<\/p>\n<p>            Kopiere den aktuellen Link<\/p>\n<p>          Zur Merkliste hinzuf\u00fcgen<\/p>\n<p>Auf zwei Mitglieder der Nationalgarde ist in Washington geschossen worden. Entgegen erster Informationen haben die beiden Soldaten den Angriff wohl doch \u00fcberlebt.<\/p>\n<p class=\"typo-body-sc-md is-initial\">Ein Bewaffneter hat im Zentrum der US-Hauptstadt Washington zwei Soldaten der Nationalgarde angeschossen. Der Chef der Bundespolizei FBI, Kash Patel, sagte am Mittwoch, sie seien schwer verletzt und in einem &#8222;kritischem Zustand&#8220;.\u00a0<\/p>\n<p class=\"typo-body-sc-md\">Zuvor hatte der Gouverneur des Bundesstaates West Virginia mitgeteilt, die beiden seien gestorben. Gouverneur Patrick Morrisey schrieb sp\u00e4ter in einem weiteren Post auf X, dass es widerspr\u00fcchliche Berichte \u00fcber den Zustand der Opfer gebe. Er machte keine weiteren Angaben. Der US-Gouverneur aus West Virginia hatte sich zu Wort gemeldet, weil die Nationalgardisten nach dessen Angaben aus dem US-Bundesstaat stammen.<\/p>\n<p class=\"typo-body-sc-md\">US-Pr\u00e4sident Donald Trump schrieb auf Truth Social, der mutma\u00dfliche Sch\u00fctze, den er als &#8222;Tier&#8220; bezeichnete, sei schwer verletzt. Er werde &#8222;einen hohen Preis zahlen m\u00fcssen&#8220;. Das Wei\u00dfe Haus wurde abgeriegelt. Trump h\u00e4lt sich derzeit wegen des Feiertages Thanksgiving nicht in der Hauptstadt, sondern in Florida auf.<\/p>\n<p>  Sch\u00fcsse in der N\u00e4he des Wei\u00dfen Hauses<\/p>\n<p class=\"typo-body-sc-md\">Am Nachmittag waren mitten im Zentrum der US-Hauptstadt Sch\u00fcsse in der N\u00e4he des Wei\u00dfen Hauses gefallen. B\u00fcrgermeisterin Bowser sprach von einem gezielten Angriff. \u00dcber die Identit\u00e4t des festgenommenen Verd\u00e4chtigen wurde zun\u00e4chst nichts bekannt. Die Polizei geht von einem Einzelt\u00e4ter aus. Auch das Motiv der Tat ist noch unklar.<\/p>\n<p class=\"typo-body-sc-md\">Ein Vertreter der Washingtoner Polizei erl\u00e4uterte, der T\u00e4ter sei um eine Ecke gekommen und habe sofort das Feuer auf die zwei Nationalgardisten er\u00f6ffnet. Weitere Mitglieder der Nationalgarde h\u00e4tten die Sch\u00fcsse geh\u00f6rt, eingegriffen und den Verd\u00e4chtigen \u00fcberw\u00e4ltigt, nachdem dieser zu Boden gegangen sei. Die Polizei sei wenige Augenblicke sp\u00e4ter eingetroffen.<\/p>\n<p class=\"typo-body-sc-md\">Seit dem Sommer sind mehr als 2000 Nationalgardisten in Washington unterwegs. Trump hatte sie im August in die Hauptstadt beordert und ihre Mobilisierung mit einer angeblich ausufernden Kriminalit\u00e4t begr\u00fcndet. Kriminalit\u00e4tsstatistiken st\u00fctzen diese Darstellung nicht.\u00a0<\/p>\n<p>  Trump schickt weitere Nationalgardisten nach Washington<\/p>\n<p class=\"typo-body-sc-md\">Die Hauptstadt ging juristisch gegen den Einsatz vor. Eine Bundesrichterin erkl\u00e4rte den Einsatz der <a class=\"taxonomy-entity keyword\" data-target-type=\"article\" href=\"https:\/\/www.stern.de\/panorama\/weltgeschehen\/themen\/nationalgarde-31651094.html\" rel=\"nofollow noopener\" target=\"_blank\">Nationalgarde<\/a> j\u00fcngst f\u00fcr nicht rechtens und ordnete an, diesen zu beenden. Sie setzte ihre Entscheidung jedoch f\u00fcr drei Wochen aus, damit die Trump-Regierung in Berufung gehen kann. Die Anordnung bleibt damit bis zum 11. Dezember au\u00dfer Kraft.<\/p>\n<p class=\"typo-body-sc-md\">Die Nationalgarden sind milit\u00e4rische Reserveeinheiten und Teil der US-Streitkr\u00e4fte. Sie unterstehen im Normalfall der Kontrolle der Bundesstaaten und werden etwa bei Naturkatastrophen, Unruhen oder anderen Notlagen eingesetzt. In bestimmten Situationen kann jedoch auch der <a class=\"\" data-target-type=\"article\" href=\"https:\/\/www.stern.de\/politik\/ausland\/us-wahl-2024\/\" rel=\"nofollow noopener\" target=\"_blank\">US-Pr\u00e4sident<\/a> das Kommando \u00fcbernehmen. F\u00fcr Washington bestehen Sonderregeln.<\/p>\n<p class=\"typo-body-sc-md\">Pentagon-Chef Pete Hegseth erkl\u00e4rte nach den Sch\u00fcssen in der Innenstadt, Trump habe ihn angewiesen, 500 zus\u00e4tzliche Nationalgardisten nach Washington zu entsenden. Er werde die n\u00f6tigen Schritte einleiten. Hegseth bekr\u00e4ftigte, der im Sommer begonnene Einsatz habe die Stadt sicherer gemacht. Der Angriff in der Innenstadt werde die &#8222;Entschlossenheit&#8220; der Regierung &#8222;nur noch verst\u00e4rken&#8220;, sagte er.<\/p>\n<p class=\"typo-body-sc-md\">Dieser Artikel wurde aktualisiert.<\/p>\n<p>\n    DPA \u00b7 AFP \u00b7 Reuters\n  <\/p>\n<p>\n    epp\n  <\/p>\n","protected":false},"excerpt":{"rendered":"US-Hauptstadt Sch\u00fcsse auf zwei Soldaten der Nationalgarde in Washington Artikel anh\u00f6ren Kopiere den aktuellen Link Zur Merkliste hinzuf\u00fcgen&hellip;\n","protected":false},"author":2,"featured_media":604962,"comment_status":"","ping_status":"","sticky":false,"template":"","format":"standard","meta":{"footnotes":""},"categories":[3],"tags":[13,14,15,12,10,8,9,11,103,104],"class_list":{"0":"post-604961","1":"post","2":"type-post","3":"status-publish","4":"format-standard","5":"has-post-thumbnail","7":"category-welt","8":"tag-headlines","9":"tag-nachrichten","10":"tag-news","11":"tag-schlagzeilen","12":"tag-top-news","13":"tag-top-meldungen","14":"tag-topmeldungen","15":"tag-topnews","16":"tag-welt","17":"tag-world"},"share_on_mastodon":{"url":"https:\/\/pubeurope.com\/@de\/115619062391186075","error":""},"_links":{"self":[{"href":"https:\/\/www.europesays.com\/de\/wp-json\/wp\/v2\/posts\/604961","targetHints":{"allow":["GET"]}}],"collection":[{"href":"https:\/\/www.europesays.com\/de\/wp-json\/wp\/v2\/posts"}],"about":[{"href":"https:\/\/www.europesays.com\/de\/wp-json\/wp\/v2\/types\/post"}],"author":[{"embeddable":true,"href":"https:\/\/www.europesays.com\/de\/wp-json\/wp\/v2\/users\/2"}],"replies":[{"embeddable":true,"href":"https:\/\/www.europesays.com\/de\/wp-json\/wp\/v2\/comments?post=604961"}],"version-history":[{"count":0,"href":"https:\/\/www.europesays.com\/de\/wp-json\/wp\/v2\/posts\/604961\/revisions"}],"wp:featuredmedia":[{"embeddable":true,"href":"https:\/\/www.europesays.com\/de\/wp-json\/wp\/v2\/media\/604962"}],"wp:attachment":[{"href":"https:\/\/www.europesays.com\/de\/wp-json\/wp\/v2\/media?parent=604961"}],"wp:term":[{"taxonomy":"category","embeddable":true,"href":"https:\/\/www.europesays.com\/de\/wp-json\/wp\/v2\/categories?post=604961"},{"taxonomy":"post_tag","embeddable":true,"href":"https:\/\/www.europesays.com\/de\/wp-json\/wp\/v2\/tags?post=604961"}],"curies":[{"name":"wp","href":"https:\/\/api.w.org\/{rel}","templated":true}]}}