{"id":605122,"date":"2025-11-27T03:03:28","date_gmt":"2025-11-27T03:03:28","guid":{"rendered":"https:\/\/www.europesays.com\/de\/605122\/"},"modified":"2025-11-27T03:03:28","modified_gmt":"2025-11-27T03:03:28","slug":"dieb-bespuckt-polizisten-in-wiesbaden","status":"publish","type":"post","link":"https:\/\/www.europesays.com\/de\/605122\/","title":{"rendered":"Dieb bespuckt Polizisten in Wiesbaden"},"content":{"rendered":"<p>Ein 22-j\u00e4hriger Mann hat am Dienstagabend (25. November 2025) in Wiesbaden zun\u00e4chst Bargeld aus einem Auto gestohlen und nach seiner Festnahme einen Polizisten angegriffen. Das meldet das Polizeipr\u00e4sidium Westhessen.<\/p>\n<p>Gegen 20:55 Uhr alarmierte ein Autobesitzer die Einsatzkr\u00e4fte, weil der 22-j\u00e4hrige Mann Geld aus seinem Pkw stahl. Eine Polizeistreife konnte den Dieb kurz darauf festnehmen und brachte ihn zur Dienststelle. Dort griff der 22-J\u00e4hrige im weiteren Verlauf  den Polizeibeamten an und bespuckte ihn.<\/p>\n<p>Der Festgenommene wurde anschlie\u00dfend in eine psychiatrische Einrichtung gebracht. Ihn erwartet nun ein Ermittlungsverfahren.<\/p>\n","protected":false},"excerpt":{"rendered":"Ein 22-j\u00e4hriger Mann hat am Dienstagabend (25. November 2025) in Wiesbaden zun\u00e4chst Bargeld aus einem Auto gestohlen und&hellip;\n","protected":false},"author":2,"featured_media":503453,"comment_status":"","ping_status":"","sticky":false,"template":"","format":"standard","meta":{"footnotes":""},"categories":[1847],"tags":[3364,29,548,663,3934,30,13,2052,14,15,12,4544],"class_list":{"0":"post-605122","1":"post","2":"type-post","3":"status-publish","4":"format-standard","5":"has-post-thumbnail","7":"category-wiesbaden","8":"tag-de","9":"tag-deutschland","10":"tag-eu","11":"tag-europa","12":"tag-europe","13":"tag-germany","14":"tag-headlines","15":"tag-hessen","16":"tag-nachrichten","17":"tag-news","18":"tag-schlagzeilen","19":"tag-wiesbaden"},"share_on_mastodon":{"url":"https:\/\/pubeurope.com\/@de\/115619444275064124","error":""},"_links":{"self":[{"href":"https:\/\/www.europesays.com\/de\/wp-json\/wp\/v2\/posts\/605122","targetHints":{"allow":["GET"]}}],"collection":[{"href":"https:\/\/www.europesays.com\/de\/wp-json\/wp\/v2\/posts"}],"about":[{"href":"https:\/\/www.europesays.com\/de\/wp-json\/wp\/v2\/types\/post"}],"author":[{"embeddable":true,"href":"https:\/\/www.europesays.com\/de\/wp-json\/wp\/v2\/users\/2"}],"replies":[{"embeddable":true,"href":"https:\/\/www.europesays.com\/de\/wp-json\/wp\/v2\/comments?post=605122"}],"version-history":[{"count":0,"href":"https:\/\/www.europesays.com\/de\/wp-json\/wp\/v2\/posts\/605122\/revisions"}],"wp:featuredmedia":[{"embeddable":true,"href":"https:\/\/www.europesays.com\/de\/wp-json\/wp\/v2\/media\/503453"}],"wp:attachment":[{"href":"https:\/\/www.europesays.com\/de\/wp-json\/wp\/v2\/media?parent=605122"}],"wp:term":[{"taxonomy":"category","embeddable":true,"href":"https:\/\/www.europesays.com\/de\/wp-json\/wp\/v2\/categories?post=605122"},{"taxonomy":"post_tag","embeddable":true,"href":"https:\/\/www.europesays.com\/de\/wp-json\/wp\/v2\/tags?post=605122"}],"curies":[{"name":"wp","href":"https:\/\/api.w.org\/{rel}","templated":true}]}}