{"id":605129,"date":"2025-11-27T03:07:19","date_gmt":"2025-11-27T03:07:19","guid":{"rendered":"https:\/\/www.europesays.com\/de\/605129\/"},"modified":"2025-11-27T03:07:19","modified_gmt":"2025-11-27T03:07:19","slug":"eroeffnung-soll-2026-moeglich-sein","status":"publish","type":"post","link":"https:\/\/www.europesays.com\/de\/605129\/","title":{"rendered":"Er\u00f6ffnung soll 2026 m\u00f6glich sein"},"content":{"rendered":"<p class=\"mb-6 text-xs md:text-m lg:text-l font-serif group-[.font-sans]:font-sans \">\n    Zum Projektbeginn im Jahr 2017 rechnete die Stadt <a href=\"https:\/\/www.ka-news.de\/promis\/karlsruhe-kulturlandschaft-technologieregion-und-residenz-des-rechts-die-faecherstadt-im-ueberblick-art-2783253\" target=\"_self\" class=\"underline \" rel=\"nofollow noopener\">Karlsruhe<\/a> noch mit Kosten von 58 Millionen Euro. <a href=\"https:\/\/www.ka-news.de\/region\/karlsruhe\/karlsruhe-stadthalle-sanierung-wird-noch-teurer-art-3242045\" target=\"_self\" class=\"underline \" rel=\"nofollow noopener\">Im Oktober 2024 stand dann fest: Die Ausgaben sollen stattdessen 146,91 Millionen Euro betragen.<\/a>\n  <\/p>\n<p>            Stadt plant die Er\u00f6ffnung f\u00fcr 2026 <\/p>\n<p class=\"mb-6 text-xs md:text-m lg:text-l font-serif group-[.font-sans]:font-sans \">\n    Ebenfalls anders geplant war das Datum der Fertigstellung: Eigentlich sollte der <strong class=\"font-bold\">Probebetrieb in der Stadthalle bereits ab Mitte 2025<\/strong> starten.\n  <\/p>\n<p>    <img decoding=\"async\" src=\"https:\/\/www.europesays.com\/de\/wp-content\/uploads\/2025\/11\/baustellenbegehung-in-der-stadthalle.jpg\" alt=\"Baustellenbegehung in der Stadthalle im Jahr 2024.\" title=\"Baustellenbegehung in der Stadthalle im Jahr 2024.\" class=\"h-full w-full object-cover\"\/><\/p>\n<p>      Icon vergr\u00f6\u00dfern<\/p>\n<p>    Baustellenbegehung in der Stadthalle im Jahr 2024.<br \/>\n    Foto: \u00a9 Paul Needham \/ www.paulneedham.de<\/p>\n<p>        Schlie\u00dfen <\/p>\n<p>      Icon Schlie\u00dfen<\/p>\n<p>        Icon vergr\u00f6\u00dfern<\/p>\n<p>        Icon verkleinern<\/p>\n<p>      Icon Pfeil bewegen<\/p>\n<p>    Baustellenbegehung in der Stadthalle im Jahr 2024.<br \/>\n    Foto: \u00a9 Paul Needham \/ www.paulneedham.de<\/p>\n<p class=\"mb-6 text-xs md:text-m lg:text-l font-serif group-[.font-sans]:font-sans \">\n    Nun hei\u00dft es in einer Pressemitteilung der Stadt vom Mittwoch, 26. November: <strong class=\"font-bold\">\u201eZiel ist es weiterhin, im ersten Quartal 2026 den baulichen und genehmigungstechnischen Abschluss zu erreichen.\u201c <\/strong>\n  <\/p>\n<p>            Gr\u00fcnde f\u00fcr die Verz\u00f6gerungen<\/p>\n<p class=\"mb-6 text-xs md:text-m lg:text-l font-serif group-[.font-sans]:font-sans \">\n    Einige <strong class=\"font-bold\">unvorhergesehene Ereignisse<\/strong> haben zu den Verz\u00f6gerungen gef\u00fchrt, so die Stadt. Folgende Vorf\u00e4lle werden genannt:\n  <\/p>\n<ul rel=\"\" class=\"[&amp;&gt;li]:relative list-none  [&amp;&gt;li]:pl-[1.2em] [&amp;&gt;li]:marker:text-[0] [&amp;&gt;li]:relative [&amp;&gt;li]:before:absolute [&amp;&gt;li]:before:w-3 [&amp;&gt;li]:before:h-3 [&amp;&gt;li]:before:bg-brand [&amp;&gt;li]:before:left-0 [&amp;&gt;li]:before:top-[8px] [&amp;&gt;li]:before:rounded-full  my-5\">\n<li class=\" mb-3 text-xs md:text-m lg:text-l\">Wasserschaden im Foyer der Untergeschosse<\/li>\n<li class=\" mb-3 text-xs md:text-m lg:text-l\">Wassereintritt im Foyer E-1 S\u00fcd aufgrund eines Baufehlers aus den 80er Jahren<\/li>\n<li class=\" mb-3 text-xs md:text-m lg:text-l\">R\u00fcckruf von Rauchmeldern des Foyers<\/li>\n<li class=\" mb-3 text-xs md:text-m lg:text-l\">Anpassungen an den elektronisch gesteuerten Saalt\u00fcren <\/li>\n<li class=\" mb-3 text-xs md:text-m lg:text-l\">Zus\u00e4tzliche Sanierungsma\u00dfnahmen wegen Wolle aus k\u00fcnstlichen Mineralfasern im Bodenaufbau<\/li>\n<\/ul>\n<p>            Stadthalle bekommt 1.200 Brandmelder<\/p>\n<p class=\"mb-6 text-xs md:text-m lg:text-l font-serif group-[.font-sans]:font-sans \">\n    Trotz dieser Herausforderungen w\u00fcrden die <strong class=\"font-bold\">Arbeiten z\u00fcgig voran gehen<\/strong>, so die Stadt weiter. Die Malerarbeiten seien nahezu abgeschlossen, Oberfl\u00e4chen werden geschlossen und die Baustelleneinrichtung zur\u00fcckgebaut.\n  <\/p>\n<p>    <img decoding=\"async\" src=\"https:\/\/www.europesays.com\/de\/wp-content\/uploads\/2025\/11\/1764212839_477_baustellenbegehung-in-der-stadthalle.jpg\" alt=\"Baustellenbegehung in der Stadthalle im Jahr 2024.\" title=\"Baustellenbegehung in der Stadthalle im Jahr 2024.\" class=\"h-full w-full object-cover\"\/><\/p>\n<p>      Icon vergr\u00f6\u00dfern<\/p>\n<p>    Baustellenbegehung in der Stadthalle im Jahr 2024.<br \/>\n    Foto: \u00a9 Paul Needham \/ www.paulneedham.de<\/p>\n<p>        Schlie\u00dfen <\/p>\n<p>      Icon Schlie\u00dfen<\/p>\n<p>        Icon vergr\u00f6\u00dfern<\/p>\n<p>        Icon verkleinern<\/p>\n<p>      Icon Pfeil bewegen<\/p>\n<p>    Baustellenbegehung in der Stadthalle im Jahr 2024.<br \/>\n    Foto: \u00a9 Paul Needham \/ www.paulneedham.de<\/p>\n<p class=\"mb-6 text-xs md:text-m lg:text-l font-serif group-[.font-sans]:font-sans \">\n    Derzeit werden die <strong class=\"font-bold\">sicherheitsrelevanten Anlagen &#8211; also Brandmelder und Feuerl\u00f6scher &#8211; gepr\u00fcft<\/strong>, sodass m\u00f6gliche M\u00e4ngel noch vor dem Abschluss behoben werden k\u00f6nnen.  Insgesamt wurden rund<strong class=\"font-bold\"> 1.200 Brandmelder, 2.000 Sprinklerk\u00f6pfe und 400 Sicherheitsleuchten<\/strong> installiert.\n  <\/p>\n<ul data-module-id=\"DragDropModule\" class=\"flex flex-wrap justify-start group-[.no-bookmarks]:hidden\">\n<li class=\"mb-3 mr-3\">\n    Pressemitteilung<\/p>\n<p>      Icon Haken im Kreis gesetzt<\/p>\n<p>      Icon Plus im Kreis<\/p>\n<\/li>\n<li class=\"mb-3 mr-3\">\n    Stadthalle<\/p>\n<p>      Icon Haken im Kreis gesetzt<\/p>\n<p>      Icon Plus im Kreis<\/p>\n<\/li>\n<li class=\"mb-3 mr-3\">\n    Karlsruhe<\/p>\n<p>      Icon Haken im Kreis gesetzt<\/p>\n<p>      Icon Plus im Kreis<\/p>\n<\/li>\n<\/ul>\n","protected":false},"excerpt":{"rendered":"Zum Projektbeginn im Jahr 2017 rechnete die Stadt Karlsruhe noch mit Kosten von 58 Millionen Euro. Im Oktober&hellip;\n","protected":false},"author":2,"featured_media":605130,"comment_status":"","ping_status":"","sticky":false,"template":"","format":"standard","meta":{"footnotes":""},"categories":[1844],"tags":[1634,3364,29,30,45545,8903,144203,4108,9645],"class_list":{"0":"post-605129","1":"post","2":"type-post","3":"status-publish","4":"format-standard","5":"has-post-thumbnail","7":"category-karlsruhe","8":"tag-baden-wuerttemberg","9":"tag-de","10":"tag-deutschland","11":"tag-germany","12":"tag-grossprojekt","13":"tag-karlsruhe","14":"tag-projektbeginn","15":"tag-sanierung","16":"tag-stadthalle"},"share_on_mastodon":{"url":"https:\/\/pubeurope.com\/@de\/115619460753546459","error":""},"_links":{"self":[{"href":"https:\/\/www.europesays.com\/de\/wp-json\/wp\/v2\/posts\/605129","targetHints":{"allow":["GET"]}}],"collection":[{"href":"https:\/\/www.europesays.com\/de\/wp-json\/wp\/v2\/posts"}],"about":[{"href":"https:\/\/www.europesays.com\/de\/wp-json\/wp\/v2\/types\/post"}],"author":[{"embeddable":true,"href":"https:\/\/www.europesays.com\/de\/wp-json\/wp\/v2\/users\/2"}],"replies":[{"embeddable":true,"href":"https:\/\/www.europesays.com\/de\/wp-json\/wp\/v2\/comments?post=605129"}],"version-history":[{"count":0,"href":"https:\/\/www.europesays.com\/de\/wp-json\/wp\/v2\/posts\/605129\/revisions"}],"wp:featuredmedia":[{"embeddable":true,"href":"https:\/\/www.europesays.com\/de\/wp-json\/wp\/v2\/media\/605130"}],"wp:attachment":[{"href":"https:\/\/www.europesays.com\/de\/wp-json\/wp\/v2\/media?parent=605129"}],"wp:term":[{"taxonomy":"category","embeddable":true,"href":"https:\/\/www.europesays.com\/de\/wp-json\/wp\/v2\/categories?post=605129"},{"taxonomy":"post_tag","embeddable":true,"href":"https:\/\/www.europesays.com\/de\/wp-json\/wp\/v2\/tags?post=605129"}],"curies":[{"name":"wp","href":"https:\/\/api.w.org\/{rel}","templated":true}]}}