{"id":605165,"date":"2025-11-27T03:35:49","date_gmt":"2025-11-27T03:35:49","guid":{"rendered":"https:\/\/www.europesays.com\/de\/605165\/"},"modified":"2025-11-27T03:35:49","modified_gmt":"2025-11-27T03:35:49","slug":"parkraum-rund-um-den-godesberger-bahnhof-soll-neu-geordnet-werden","status":"publish","type":"post","link":"https:\/\/www.europesays.com\/de\/605165\/","title":{"rendered":"Parkraum rund um den Godesberger Bahnhof soll neu geordnet werden"},"content":{"rendered":"<p>          Leere DB-Parkpl\u00e4tze, volle Seitenstra\u00dfen        Parkraum rund um den Godesberger Bahnhof soll neu geordnet werden<\/p>\n<p class=\"text-50 desktop:text-70 park-container-small px-6 mb-10 desktop:mb-14\">Bad Godesberg \u00b7 <strong data-cy=\"intro\" data-readtime-content=\"\">Rund um den Bad Godesberger Bahnhof stehen viele DB-Parkpl\u00e4tze leer, w\u00e4hrend Seitenstra\u00dfen zugeparkt sind. Die Stadt soll, so fordert die SPD, nun pr\u00fcfen, wie der Parkraum besser verteilt werden kann. Diese M\u00f6glichkeiten sind im Gespr\u00e4ch.<\/strong><\/p>\n<p>                <img class=\"absolute inset-0 w-full h-full object-cover aspect-[16\/10] opacity-0 transition-opacity animated\" onload=\"this.style.opacity = '1';\" src=\"https:\/\/www.europesays.com\/de\/wp-content\/uploads\/2025\/11\/w1428_h1072_x714_y536_Parken_Godesberg_Bahnhof-f93b60c5cbc1fdc0.jpg\"  alt=\" Ein Parkscheinautomat am Bad Godesberger Bahnhof.  \" fetchpriority=\"high\" decoding=\"async\" data-park-image-img=\"\"\/><\/p>\n","protected":false},"excerpt":{"rendered":"Leere DB-Parkpl\u00e4tze, volle Seitenstra\u00dfen Parkraum rund um den Godesberger Bahnhof soll neu geordnet werden Bad Godesberg \u00b7 Rund&hellip;\n","protected":false},"author":2,"featured_media":605166,"comment_status":"","ping_status":"","sticky":false,"template":"","format":"standard","meta":{"footnotes":""},"categories":[1842],"tags":[1741,3364,29,30,1209],"class_list":{"0":"post-605165","1":"post","2":"type-post","3":"status-publish","4":"format-standard","5":"has-post-thumbnail","7":"category-bonn","8":"tag-bonn","9":"tag-de","10":"tag-deutschland","11":"tag-germany","12":"tag-nordrhein-westfalen"},"share_on_mastodon":{"url":"https:\/\/pubeurope.com\/@de\/115619574309243643","error":""},"_links":{"self":[{"href":"https:\/\/www.europesays.com\/de\/wp-json\/wp\/v2\/posts\/605165","targetHints":{"allow":["GET"]}}],"collection":[{"href":"https:\/\/www.europesays.com\/de\/wp-json\/wp\/v2\/posts"}],"about":[{"href":"https:\/\/www.europesays.com\/de\/wp-json\/wp\/v2\/types\/post"}],"author":[{"embeddable":true,"href":"https:\/\/www.europesays.com\/de\/wp-json\/wp\/v2\/users\/2"}],"replies":[{"embeddable":true,"href":"https:\/\/www.europesays.com\/de\/wp-json\/wp\/v2\/comments?post=605165"}],"version-history":[{"count":0,"href":"https:\/\/www.europesays.com\/de\/wp-json\/wp\/v2\/posts\/605165\/revisions"}],"wp:featuredmedia":[{"embeddable":true,"href":"https:\/\/www.europesays.com\/de\/wp-json\/wp\/v2\/media\/605166"}],"wp:attachment":[{"href":"https:\/\/www.europesays.com\/de\/wp-json\/wp\/v2\/media?parent=605165"}],"wp:term":[{"taxonomy":"category","embeddable":true,"href":"https:\/\/www.europesays.com\/de\/wp-json\/wp\/v2\/categories?post=605165"},{"taxonomy":"post_tag","embeddable":true,"href":"https:\/\/www.europesays.com\/de\/wp-json\/wp\/v2\/tags?post=605165"}],"curies":[{"name":"wp","href":"https:\/\/api.w.org\/{rel}","templated":true}]}}