{"id":605279,"date":"2025-11-27T04:54:14","date_gmt":"2025-11-27T04:54:14","guid":{"rendered":"https:\/\/www.europesays.com\/de\/605279\/"},"modified":"2025-11-27T04:54:14","modified_gmt":"2025-11-27T04:54:14","slug":"afd-debatte-bielefelder-unternehmen-goldbeck-ueberprueft-mitgliedschaft-in-verband","status":"publish","type":"post","link":"https:\/\/www.europesays.com\/de\/605279\/","title":{"rendered":"AfD-Debatte: Bielefelder Unternehmen Goldbeck \u00fcberpr\u00fcft Mitgliedschaft in Verband"},"content":{"rendered":"<p id=\"absatz1\" class=\"em_text\">Bielefeld. Die Brandmauer-Debatte hat die Wirtschaft in der Region erreicht. Der Verband der Familienunternehmer \u00f6ffnet sich prinzipiell f\u00fcr Gespr\u00e4che mit der AfD, will aber auf kritischem Kurs zur Partei bleiben. Das st\u00f6\u00dft bei der Partei auf Wohlwollen \u2013 anderswo auf Kritik.<\/p>\n<p id=\"absatz2\" class=\"em_text\">Das Bielefelder Bauunternehmen Goldbeck \u00fcberpr\u00fcft nach eigenen Angaben die Mitgliedschaft im Verband \u201eDie Familienunternehmer\u201c. \u201eWir pr\u00fcfen in den kommenden Tagen sorgf\u00e4ltig unsere Mitgliedschaft im Verband vor dem Hintergrund, ob diese Mitgliedschaft noch mit unseren Werten vereinbar ist\u201c, sagte ein Unternehmenssprecher dieser Redaktion.<\/p>\n<p id=\"absatz4\" class=\"em_text\">\u201eDie Werte, auf denen unser Handeln und unsere Entscheidungen beruhen, sind Menschlichkeit, Vertrauen, Verantwortung, Leistung und Pioniergeist\u201c, f\u00fchrte er aus. \u201eDiese Werte sind unser Kompass \u2013 bei Entscheidungen und in der Zusammenarbeit mit anderen. Unser Ziel ist ein gutes Miteinander sowie ein verantwortungsvolles, wirtschaftliches und menschliches Handeln.\u201c<\/p>\n<p>\n        \u00d7\n    <\/p>\n<p>\n            Sie erhalten in wenigen Minuten eine E-Mail zur Best\u00e4tigung Ihrer Anmeldung.\n        <\/p>\n<p>Erst danach ist diese abgeschlossen.<\/p>\n<p>Bitte pr\u00fcfen Sie auch den Spam-Ordner.<\/p>\n<p>\n        \u00d7\n    <\/p>\n<p>\n            Sie haben bisher Ihre E-Mail-Adresse noch nicht best\u00e4tigt.\n        <\/p>\n<p>Erst danach ist diese abgeschlossen.<\/p>\n<p>Bitte pr\u00fcfen Sie auch den Spam-Ordner.<\/p>\n<p>\n        \u00d7\n    <\/p>\n<p>\n            Es ist einen Fehler aufgetreten\n        <\/p>\n<p>Bei Fragen hilft unser Newsletter-Support<\/p>\n<p> Newsletter<\/p>\n<p> Wirtschaft <\/p>\n<p>W\u00f6chentlich die neuesten Wirtschaftsthemen und Entwicklungen aus OWL.<\/p>\n<p>                Jetzt anmelden<\/p>\n<p>Goldbeck postet Statement auf \u201eLinkedIn\u201c<\/p>\n<p class=\"em_text\">Bereits am Dienstag \u00e4u\u00dferte sich Jan-Hendrik Goldbeck, gemeinsam mit seinem Bruder J\u00f6rg-Uwe gesch\u00e4ftsf\u00fchrender Gesellschafter, <a href=\"https:\/\/de.linkedin.com\/posts\/jan-hendrik-goldbeck_die-f%C3%BChrung-eines-familienunternehmens-ist-activity-7399003611722104832-7Vnd\" rel=\"noopener\" target=\"_blank\">in einem Beitrag<\/a> auf der Online-Plattform \u201eLinkedIn\u201c zum Thema: \u201eDie F\u00fchrung eines Familienunternehmens ist vielschichtig, doch f\u00fcr mich geht es vor allem um Haltung\u201c, hei\u00dft es unter anderem darin.<\/p>\n<p id=\"absatz6\"><b class=\"bold\">Lesen Sie auch:<\/b> <a href=\"https:\/\/www.nw.de\/lokal\/bielefeld\/mitte\/24176696_Bielefelder-Goldbeck-Gruppe-verzeichnet-Rekordauftragslage-und-trotzt-Bauflaute.html\" target=\"_blank\" rel=\"noopener\">Bielefelder Goldbeck-Gruppe verzeichnet Rekordauftragslage und trotzt Bauflaute<\/a><\/p>\n<p id=\"absatz7\" class=\"em_text\">Der Konzern geh\u00f6rt zu den gr\u00f6\u00dften deutschen Bauunternehmen. Das Unternehmen hat rund 13.000 Besch\u00e4ftigte. Im vergangenen Jahr erwirtschaftete es einem Jahresumsatz von mehr als 6 Milliarden Euro. Nach eigenen Angaben ist Goldbeck seit vielen Jahren Mitglied im Verband \u201eDie Familienunternehmer\u201c.<\/p>\n<p>        <a href=\"https:\/\/www.nw.de\/_em_daten\/_cache\/image\/1xRDhlVms3Mk03Y3o2VzVYUUVVNzVjVEJiR25wWnNOVWdjOGJCenZERGJtckYvNEt4SEdLQVpyL2lKRjhzdHd2N0lpd3BuNWkxcXN1N3RlQ1dMaFRyWlUvMkhaT1hCSmhrMnUyNVl4cDFIMFE9\/251126-1922-685028721.jpg\" class=\"nw-article-image\" title=\"J\u00f6rg-Uwe (l.) und sein Bruder Jan-Hendrik Goldbeck f\u00fchren das Bielefelder Bauunternehmen mit mehr als 13.000 Besch\u00e4ftigten.\" data-glightbox=\"type: image; description: J\u00f6rg-Uwe (l.) und sein Bruder Jan-Hendrik Goldbeck f\u00fchren das Bielefelder Bauunternehmen mit mehr als 13.000 Besch\u00e4ftigten.  | \u00a9 Peter Unger \" target=\"_blank\" rel=\"noopener\"><br \/>\n            <img decoding=\"async\" src=\"https:\/\/www.europesays.com\/de\/wp-content\/uploads\/2025\/11\/251126-1922-685028721.jpg\" class=\"nw-img-fluid nw-w-full nw-lazy nw-rounded-t-md\" alt=\"J\u00f6rg-Uwe (l.) und sein Bruder Jan-Hendrik Goldbeck f\u00fchren das Bielefelder Bauunternehmen mit mehr als 13.000 Besch\u00e4ftigten. - \u00a9 Peter Unger\" data-format=\"16:9\"\/><br \/>\n        <\/a><\/p>\n<p>                J\u00f6rg-Uwe (l.) und sein Bruder Jan-Hendrik Goldbeck f\u00fchren das Bielefelder Bauunternehmen mit mehr als 13.000 Besch\u00e4ftigten.<br \/>\n                                    | \u00a9 Peter Unger<\/p>\n<p>Melitta-Gruppe und Oetker Collection \u00e4u\u00dfern sich<\/p>\n<p class=\"em_text\">Die Melitta-Gruppe aus Minden h\u00e4lt sich nach eigenen Angaben offen, ihre Mitgliedschaft zu \u00fcberdenken. \u00dcber die ver\u00e4nderte Position der Verbandsf\u00fchrung sei man \u201esehr \u00fcberrascht\u201c, teilte der Kaffeer\u00f6ster mit. Der Dialog mit der Politik werde zwar bef\u00fcrwortet, nicht jedoch mit Parteien, die auch nur in Teilen als extremistisch eingestuft w\u00fcrden. \u201eWir haben unsere Haltung dem Verband mitgeteilt\u201c, erkl\u00e4rte das Unternehmen.<\/p>\n<p id=\"absatz9\"><b class=\"bold\">Meinung:<\/b> <a href=\"https:\/\/www.nw.de\/nachrichten\/meinung\/24220602_Brandmauer-zur-AfD-broeckelt-Die-Wirtschaft-setzt-sich-zwischen-alle-Stuehle.html\" target=\"_blank\" rel=\"noopener\">Brandmauer zur AfD br\u00f6ckelt: Die Wirtschaft setzt sich zwischen alle St\u00fchle<\/a><\/p>\n<p id=\"absatz10\" class=\"em_text\">Die Oetker Collection KG, die dem Verein ebenfalls angeh\u00f6rt, wollte sich auf Nachfrage \u201ezu politischen Themen nicht \u00e4u\u00dfern\u201c. Zu dem kleineren Unternehmensteil der Oetker-Familie z\u00e4hlt unter anderem Henkell Freixenet.<\/p>\n<p>AfD-Debatte: Vorwerk und Rossmann verlassen Verband<\/p>\n<p id=\"absatz11\" class=\"em_text\">Andere Unternehmen gehen einen Schritt weiter: Rossmann und Vorwerk sind am Mittwoch aus dem Verband der Familienunternehmer ausgetreten. \u201eVorwerk distanziert sich von den Aussagen des Verbands zum Umgang mit der AfD\u201c, teilte der Hausger\u00e4tehersteller mit. \u201eF\u00fcr uns gilt unver\u00e4ndert: Die Positionierung von Unternehmen muss jederzeit klar auf demokratischen Grundwerten basieren.\u201c<\/p>\n<p id=\"absatz12\"><b class=\"bold\">Auch interessant:<\/b> <a href=\"https:\/\/www.nw.de\/nachrichten\/wirtschaft\/23764994_Kurswechsel-NRW-Wirtschaft-warnt-nun-oeffentlich-vor-Gefahren-durch-die-AfD.html\" target=\"_blank\" rel=\"noopener\">Kurswechsel: NRW-Wirtschaft warnt nun \u00f6ffentlich vor Gefahren durch die AfD<\/a><\/p>\n<p id=\"absatz13\" class=\"em_text\">Vorwerk habe entschieden, die bereits seit l\u00e4ngerer Zeit ruhende Mitgliedschaft im Verband nicht wieder aufleben zu lassen und auch formal aus dem Verband auszutreten. Damit versch\u00e4rfte Vorwerk ein zuvor ver\u00f6ffentlichtes Statement, in dem sich das Unternehmen bereits kritisch ge\u00e4u\u00dfert hatte.<\/p>\n<p id=\"absatz14\" class=\"em_text\">Zuvor hatte bereits die Drogeriemarktkette Rossmann angek\u00fcndigt, den Verband verlassen zu wollen. \u201eWir unterst\u00fctzen die Haltung des Verbands nicht und haben die Mitgliedschaft gek\u00fcndigt\u201c, hie\u00df es in einer Mitteilung.<\/p>\n<p>        <a href=\"https:\/\/www.nw.de\/_em_daten\/_cache\/image\/1xT3BGSmFIZUZ3VWQwODBUY2JITkp0UEFMTGVHeml5bi9DOWQvMkpPaWU3d1JjRk1xUEdqMGl5S25RVWZQWGZ2dy9kUU9KYnVpM0IvU0hXMEpLVHVXL2JiNFBLY3U2Z0pONVo0UlhVYlp0b0U9\/251126-1922-685031317.jpg\" class=\"nw-article-image\" title=\"Marie-Christine Ostermann, Pr\u00e4sidentin des Wirtschaftsverbands \" die=\"\" familienunternehme=\"\" spricht=\"\" bei=\"\" einer=\"\" veranstaltung.=\"\" data-glightbox=\"type: image; description: Marie-Christine Ostermann, Pr\u00e4sidentin des Wirtschaftsverbands &quot;Die Familienunternehme&quot;r, spricht bei einer Veranstaltung.  | \u00a9 Kay Nietfeld\/dpa \" target=\"_blank\" rel=\"noopener\"><br \/>\n            <img decoding=\"async\" src=\"https:\/\/www.europesays.com\/de\/wp-content\/uploads\/2025\/11\/251126-1922-685031317.jpg\" class=\"nw-img-fluid nw-w-full nw-lazy nw-rounded-t-md\" alt=\"Marie-Christine Ostermann, Pr\u00e4sidentin des Wirtschaftsverbands &quot;Die Familienunternehme&quot;r, spricht bei einer Veranstaltung. - \u00a9 Kay Nietfeld\/dpa\" data-format=\"16:9\"\/><br \/>\n        <\/a><\/p>\n<p>                Marie-Christine Ostermann, Pr\u00e4sidentin des Wirtschaftsverbands &#8222;Die Familienunternehme&#8220;r, spricht bei einer Veranstaltung.<br \/>\n                                    | \u00a9 Kay Nietfeld\/dpa<\/p>\n<p>Verband will \u201ekeine Regierung mit AfD-Beteiligung\u201c<\/p>\n<p class=\"em_text\">Der Verband der Familienunternehmer ver\u00f6ffentlichte in dieser Woche eine Stellungnahme. Die Hoffnung, man k\u00f6nne ein Viertel der bundesdeutschen W\u00e4hler durch moralische Ausgrenzung zur Umkehr bewegen, sei nicht aufgegangen, sagte Pr\u00e4sidentin Ostermann. \u201eJetzt hilft nur noch die Auseinandersetzung mit den Inhalten der AfD, jenseits von schlichten Kategorisierungen in gut und b\u00f6se.\u201c<\/p>\n<p id=\"absatz16\" class=\"em_text\">Mit Andersdenkenden zu diskutieren, hei\u00dfe nicht, seine Positionen zu akzeptieren. Zugleich stellte Ostermann klar: \u201eWir Familienunternehmer wollen keine Regierung mit AfD-Beteiligung.\u201c Das Weltbild der AfD passe nicht zur freiheitlichen und marktwirtschaftlichen Grund\u00fcberzeugung des Verbands.<\/p>\n<p id=\"absatz17\">Mit Material der dpa erstellt.<\/p>\n","protected":false},"excerpt":{"rendered":"Bielefeld. Die Brandmauer-Debatte hat die Wirtschaft in der Region erreicht. Der Verband der Familienunternehmer \u00f6ffnet sich prinzipiell f\u00fcr&hellip;\n","protected":false},"author":2,"featured_media":605280,"comment_status":"","ping_status":"","sticky":false,"template":"","format":"standard","meta":{"footnotes":""},"categories":[1841],"tags":[186,1605,29277,23150,3364,29,21574,553,30,30704,732,1611,1607,2377,1608,2378,42500,1028,144223,734,2381,1612,1613,13634,1209,10123],"class_list":{"0":"post-605279","1":"post","2":"type-post","3":"status-publish","4":"format-standard","5":"has-post-thumbnail","7":"category-bielefeld","8":"tag-afd","9":"tag-bielefeld","10":"tag-brandmauer","11":"tag-collection","12":"tag-de","13":"tag-deutschland","14":"tag-dirk-rossmann","15":"tag-familie","16":"tag-germany","17":"tag-goldbeck","18":"tag-label_frei","19":"tag-label_informiere-mich","20":"tag-label_knaller","21":"tag-label_startseite","22":"tag-label_top-news","23":"tag-label_umfrage","24":"tag-label_wirtschaft","25":"tag-linkedin","26":"tag-melitta","27":"tag-meta_artikelklasse_nachricht","28":"tag-meta_copyrights_rgowl_freier_mitarbeiter","29":"tag-meta_themen_wirtschaft","30":"tag-meta_userneeds_informieremich","31":"tag-mitgliedschaft","32":"tag-nordrhein-westfalen","33":"tag-serie_nlmittagsnotiz"},"share_on_mastodon":{"url":"","error":"Validation failed: Text character limit of 500 exceeded"},"_links":{"self":[{"href":"https:\/\/www.europesays.com\/de\/wp-json\/wp\/v2\/posts\/605279","targetHints":{"allow":["GET"]}}],"collection":[{"href":"https:\/\/www.europesays.com\/de\/wp-json\/wp\/v2\/posts"}],"about":[{"href":"https:\/\/www.europesays.com\/de\/wp-json\/wp\/v2\/types\/post"}],"author":[{"embeddable":true,"href":"https:\/\/www.europesays.com\/de\/wp-json\/wp\/v2\/users\/2"}],"replies":[{"embeddable":true,"href":"https:\/\/www.europesays.com\/de\/wp-json\/wp\/v2\/comments?post=605279"}],"version-history":[{"count":0,"href":"https:\/\/www.europesays.com\/de\/wp-json\/wp\/v2\/posts\/605279\/revisions"}],"wp:featuredmedia":[{"embeddable":true,"href":"https:\/\/www.europesays.com\/de\/wp-json\/wp\/v2\/media\/605280"}],"wp:attachment":[{"href":"https:\/\/www.europesays.com\/de\/wp-json\/wp\/v2\/media?parent=605279"}],"wp:term":[{"taxonomy":"category","embeddable":true,"href":"https:\/\/www.europesays.com\/de\/wp-json\/wp\/v2\/categories?post=605279"},{"taxonomy":"post_tag","embeddable":true,"href":"https:\/\/www.europesays.com\/de\/wp-json\/wp\/v2\/tags?post=605279"}],"curies":[{"name":"wp","href":"https:\/\/api.w.org\/{rel}","templated":true}]}}