{"id":605323,"date":"2025-11-27T05:20:55","date_gmt":"2025-11-27T05:20:55","guid":{"rendered":"https:\/\/www.europesays.com\/de\/605323\/"},"modified":"2025-11-27T05:20:55","modified_gmt":"2025-11-27T05:20:55","slug":"dresdner-bergbahnen-starten-in-die-wintersaison-3","status":"publish","type":"post","link":"https:\/\/www.europesays.com\/de\/605323\/","title":{"rendered":"Dresdner Bergbahnen starten in die Wintersaison"},"content":{"rendered":"<p class=\"fp-paragraph\"><strong>Dresden<\/strong> &#8211; Zum ersten Adventswochenende startet nach der Dresdner Schwebebahn auch die Standseilbahn in die Wintersaison. Die routinem\u00e4\u00dfige, zweiw\u00f6chige Herbstrevision wird am Freitag abgeschlossen, wie die Dresdner Verkehrsbetriebe mitteilten. Die erste Abfahrt ist demnach am Sonnabend um 6:30 Uhr.\u00a0<\/p>\n<p class=\"fp-paragraph\">Ab dann sind beide Bergbahnen wieder vollst\u00e4ndig einsatzbereit und fahren nach ihrem regul\u00e4ren Winterfahrplan. Schneefall oder Glatteis bereiten ihnen den Angaben nach keine Probleme. F\u00fcr einen sicheren Zugang zu den Stationen sorgt das Personal durch Freischaufeln und Abstumpfen der Wege.<\/p>\n<p>Wackelkontakt bei Datenkabel behoben<\/p>\n<p class=\"fp-paragraph\">Bei der Revision der Standseilbahn, die am 17. November begann, stand die optische Pr\u00fcfung des Zugseils und eine Anpassung der Steuerungstechnik auf dem Programm. Ein Wackelkontakt im Netzwerkkabel sorgte f\u00fcr einen kurzen Stillstand. Mit einem neuen Kabel wurde das Problem behoben.<\/p>\n<p class=\"fp-paragraph\">Die Schwebebahn hat die Revision bereits hinter sich. Vom 3. bis 14. November \u00fcberpr\u00fcften die Techniker besonders den Zustand der 33 Stahlst\u00fctzen und des Fahrschienentr\u00e4gers, an dem die beiden Wagen h\u00e4ngen. Neben dem Technik-Check wurden auf den Wagend\u00e4chern Kameras zur Video\u00fcberwachung des Fahrweges montiert. Diese sollen an den beiden Kreuzungen mit Stra\u00dfen f\u00fcr zus\u00e4tzliche Sicherheit bez\u00fcglich der Maximalh\u00f6he passierender Fahrzeuge dienen.<\/p>\n","protected":false},"excerpt":{"rendered":"Dresden &#8211; Zum ersten Adventswochenende startet nach der Dresdner Schwebebahn auch die Standseilbahn in die Wintersaison. Die routinem\u00e4\u00dfige,&hellip;\n","protected":false},"author":2,"featured_media":605324,"comment_status":"","ping_status":"","sticky":false,"template":"","format":"standard","meta":{"footnotes":""},"categories":[1835],"tags":[3364,29,2386,2507,30,5027,859,601],"class_list":{"0":"post-605323","1":"post","2":"type-post","3":"status-publish","4":"format-standard","5":"has-post-thumbnail","7":"category-dresden","8":"tag-de","9":"tag-deutschland","10":"tag-dresden","11":"tag-freizeit","12":"tag-germany","13":"tag-kommune","14":"tag-sachsen","15":"tag-verkehr"},"share_on_mastodon":{"url":"https:\/\/pubeurope.com\/@de\/115619986365795237","error":""},"_links":{"self":[{"href":"https:\/\/www.europesays.com\/de\/wp-json\/wp\/v2\/posts\/605323","targetHints":{"allow":["GET"]}}],"collection":[{"href":"https:\/\/www.europesays.com\/de\/wp-json\/wp\/v2\/posts"}],"about":[{"href":"https:\/\/www.europesays.com\/de\/wp-json\/wp\/v2\/types\/post"}],"author":[{"embeddable":true,"href":"https:\/\/www.europesays.com\/de\/wp-json\/wp\/v2\/users\/2"}],"replies":[{"embeddable":true,"href":"https:\/\/www.europesays.com\/de\/wp-json\/wp\/v2\/comments?post=605323"}],"version-history":[{"count":0,"href":"https:\/\/www.europesays.com\/de\/wp-json\/wp\/v2\/posts\/605323\/revisions"}],"wp:featuredmedia":[{"embeddable":true,"href":"https:\/\/www.europesays.com\/de\/wp-json\/wp\/v2\/media\/605324"}],"wp:attachment":[{"href":"https:\/\/www.europesays.com\/de\/wp-json\/wp\/v2\/media?parent=605323"}],"wp:term":[{"taxonomy":"category","embeddable":true,"href":"https:\/\/www.europesays.com\/de\/wp-json\/wp\/v2\/categories?post=605323"},{"taxonomy":"post_tag","embeddable":true,"href":"https:\/\/www.europesays.com\/de\/wp-json\/wp\/v2\/tags?post=605323"}],"curies":[{"name":"wp","href":"https:\/\/api.w.org\/{rel}","templated":true}]}}