{"id":605513,"date":"2025-11-27T07:16:15","date_gmt":"2025-11-27T07:16:15","guid":{"rendered":"https:\/\/www.europesays.com\/de\/605513\/"},"modified":"2025-11-27T07:16:15","modified_gmt":"2025-11-27T07:16:15","slug":"diese-promis-ziehen-ins-dschungelcamp-2026-bei-ich-bin-ein-star","status":"publish","type":"post","link":"https:\/\/www.europesays.com\/de\/605513\/","title":{"rendered":"Diese Promis ziehen ins Dschungelcamp 2026 bei \u201eIch bin ein Star"},"content":{"rendered":"<p>                                &#8211;                                Bald rufen Promis wieder \u201eIch bin ein Star \u2013 holt mich hier raus!\u201c durch den australischen Urwald. Lange wurde spekuliert, nun sind die Namen bekannt: Diese Stars und Sternchen ziehen im Januar 2026 ins Dschungelcamp.<\/p>\n<p>                F\u00fcr viele ist es das TV-Highlight gleich zu Beginn des Jahres: <a href=\"https:\/\/www.nordbayern.de\/boulevard\/erste-dschungel-stars-stehen-fest-diese-promis-konnten-2026-dabei-sein-1.14861651\" target=\"_blank\" rel=\"nofollow noopener\">Im Januar startet die 19. Staffel der Kult-Trash-TV-Sendung \u201eIch bin ein Star &#8211; Holt mich hier raus!<\/a>\u201c Wer folgt Model Lilly Becker auf den Dschungelthron? \u201eBild.de\u201c will erfahren haben, wer die zw\u00f6lf Teilnehmerinnen und Teilnehmer sind. Der Sender RTL selbst dementiert nicht &#8211; sondern befeuert die Ger\u00fcchte und ver\u00f6ffentlicht selbst eine Liste der potenziellen Kandidaten.<\/p>\n<p>Er sorgte in den vergangenen Jahren Schlagzeilen, jetzt zieht er angeblich ins Dschungelcamp: S\u00e4nger <strong>Gil Ofarim<\/strong>. Im Fr\u00fchjahr 2021 hatte er in einem viralen Video einen <a href=\"https:\/\/www.nordbayern.de\/panorama\/das-war-knapp-gil-ofarim-hat-geldstrafe-von-10-000-euro-kurz-vor-ablauf-der-frist-bezahlt-1.14371109\" target=\"_blank\" rel=\"nofollow noopener\">Leipziger Mitarbeiter des Hotels \u201eThe Westin\u201c beschuldigt, ihn antisemitisch diskriminiert zu haben<\/a>. Dieser habe ihn aufgrund seiner Davidstern-Kette nicht einchecken lassen. Im darauffolgenden Prozess erkl\u00e4rte Ofarim, er habe die Vorw\u00fcrfe erfunden, und entschuldigte sich. Danach war es ruhig um den S\u00e4nger geworden, der zuvor schon beim RTL-Format \u201eLet\u2018s Dance\u201c vor der Kamera stand. Erst k\u00fcrzlich feierte er sein B\u00fchnencomeback. Im Januar geht es dann auf die ganz gro\u00dfe Dschungel-B\u00fchne vor mehreren Millionen Zuschauern.<\/p>\n<p>Schon l\u00e4nger wird spekuliert, dass <strong>Simone Ballack<\/strong>, bekannt als Teilnehmerinnen verschiedener Reality-TV-Formate, beispielsweise Big Brother, und Ex-Frau von Michael Ballack, ins Dschungelcamp zieht. <a href=\"https:\/\/www.nordbayern.de\/boulevard\/rtl-heizt-dschungelcamp-gerucht-um-simone-ballack-an-ich-wurde-mich-nicht-wundern-1.14880302\" target=\"_blank\" rel=\"nofollow noopener\">Dieses Ger\u00fccht befeuerte RTL-Programmchefin Inga Leschke selbst<\/a>: Sie beteilige sich zwar nicht an Ger\u00fcchten, \u201eaber f\u00fcr den Fall, dass Simone Ballack dann doch ums Lagerfeuer sitzt &#8211; ich w\u00fcrde mich nicht wundern.\u201c<\/p>\n<p>                                                        \u201eIch bin ein Star &#8211; Holt mich hier raus!\u201c &#8211; kommt es zum Eklat zwischen Samira Yavuz und Eva Benetatou?<\/p>\n<p>Sollten die Informationen von \u201eBild.de\u201c stimmen, k\u00f6nnte es im Januar zu einem TV-Eklat kommen. Denn <strong>Samira Yavuz<\/strong> lernte ihren sp\u00e4teren Ehemann Serkan Yavuz bei \u201eLove Island\u201c kennen, nach der Sendung heirateten sie und bekamen zwei Kinder. <a href=\"https:\/\/www.nordbayern.de\/boulevard\/ware-pures-dynamit-dschungel-hammer-trifft-ehefrau-auf-affare-ihres-mannes-im-camp-1.14877950\" target=\"_blank\" rel=\"nofollow noopener\">Dann trennten sie sich &#8211; weil er sie mit Trash-TV-Star Eva Benetatou betrog<\/a>. Laut der Boulevardzeitung sollen beide Frauen in Australien aufeinander treffen.<\/p>\n<p>Bekannt wurde er durch die Dating-Show \u201eBauer sucht Frau\u201c, dann wurde <strong>Patrick Romer<\/strong> zum \u201eSkandal-Bauern\u201c, wie RTL ihn in einer Auflistung m\u00f6glicher Kandidaten nennt. Denn seit seine Ex-Freundin Antonia Hemmer ihn vor laufenden Kameras bei der Sendung \u201eMake Love, Fake Love\u201c als \u201esehr toxisch und narzisstisch angehaucht\u201c bezeichnete, ist das Saubermann-Image dahin. Auch er soll Kandidat der 19. Staffel \u201eIch bin ein Star &#8211; Holt mich hier raus!\u201c werden.<\/p>\n<p>                                                        Dschungelcamp 2026: Diese Promis sollen Kandidaten werden<\/p>\n<p>Ebenfalls ihr Quartier im australischen Dschungel beziehen sollen Schauspieler <strong>Hardy Kr\u00fcger jr.<\/strong>, Schauspielerin und Model <strong>Mirja du Mont<\/strong>, \u201eLove Island\u201c-Teilnehmer <strong>Umut Tekin<\/strong>, Reality-TV-Urgestein <strong>Hubert Fella<\/strong>, Schauspieler <strong>Stephen D\u00fcrr<\/strong>, \u201eAre you the one\u201c-Kandidatin <strong>Ariel Hediger<\/strong> und Schauspielerin <strong>Nicole Belstler-Boettcher<\/strong>.<\/p>\n<p>Noch hat der Sender RTL die Teilnehmerinnen und Teilnehmer der 19. Staffel nicht best\u00e4tigt. \u201eDie Namen kommentieren wir nicht\u201c, teilte eine Sprecherin der \u201eDeutschen Presse-Agentur\u201c mit. Wie immer w\u00fcrden sie rechtzeitig bekanntgegeben.<\/p>\n","protected":false},"excerpt":{"rendered":"&#8211; Bald rufen Promis wieder \u201eIch bin ein Star \u2013 holt mich hier raus!\u201c durch den australischen Urwald.&hellip;\n","protected":false},"author":2,"featured_media":605514,"comment_status":"","ping_status":"","sticky":false,"template":"","format":"standard","meta":{"footnotes":""},"categories":[1776],"tags":[1801,29,214,30,1802,215],"class_list":{"0":"post-605513","1":"post","2":"type-post","3":"status-publish","4":"format-standard","5":"has-post-thumbnail","7":"category-prominente","8":"tag-celebrities","9":"tag-deutschland","10":"tag-entertainment","11":"tag-germany","12":"tag-prominente","13":"tag-unterhaltung"},"share_on_mastodon":{"url":"https:\/\/pubeurope.com\/@de\/115620438583340784","error":""},"_links":{"self":[{"href":"https:\/\/www.europesays.com\/de\/wp-json\/wp\/v2\/posts\/605513","targetHints":{"allow":["GET"]}}],"collection":[{"href":"https:\/\/www.europesays.com\/de\/wp-json\/wp\/v2\/posts"}],"about":[{"href":"https:\/\/www.europesays.com\/de\/wp-json\/wp\/v2\/types\/post"}],"author":[{"embeddable":true,"href":"https:\/\/www.europesays.com\/de\/wp-json\/wp\/v2\/users\/2"}],"replies":[{"embeddable":true,"href":"https:\/\/www.europesays.com\/de\/wp-json\/wp\/v2\/comments?post=605513"}],"version-history":[{"count":0,"href":"https:\/\/www.europesays.com\/de\/wp-json\/wp\/v2\/posts\/605513\/revisions"}],"wp:featuredmedia":[{"embeddable":true,"href":"https:\/\/www.europesays.com\/de\/wp-json\/wp\/v2\/media\/605514"}],"wp:attachment":[{"href":"https:\/\/www.europesays.com\/de\/wp-json\/wp\/v2\/media?parent=605513"}],"wp:term":[{"taxonomy":"category","embeddable":true,"href":"https:\/\/www.europesays.com\/de\/wp-json\/wp\/v2\/categories?post=605513"},{"taxonomy":"post_tag","embeddable":true,"href":"https:\/\/www.europesays.com\/de\/wp-json\/wp\/v2\/tags?post=605513"}],"curies":[{"name":"wp","href":"https:\/\/api.w.org\/{rel}","templated":true}]}}