{"id":605515,"date":"2025-11-27T07:17:21","date_gmt":"2025-11-27T07:17:21","guid":{"rendered":"https:\/\/www.europesays.com\/de\/605515\/"},"modified":"2025-11-27T07:17:21","modified_gmt":"2025-11-27T07:17:21","slug":"skulptur-in-freudenstadt-darum-traegt-die-venus-jetzt-einen-orangefarbenen-rock-freudenstadt-umgebung","status":"publish","type":"post","link":"https:\/\/www.europesays.com\/de\/605515\/","title":{"rendered":"Skulptur in Freudenstadt: Darum tr\u00e4gt die Venus jetzt einen orangefarbenen Rock &#8211; Freudenstadt &#038; Umgebung"},"content":{"rendered":"<p>Zum Auftakt der internationalen \u201eOrange Days\u201c hat der Club Soroptimist <a href=\"https:\/\/www.schwarzwaelder-bote.de\/thema\/Freudenstadt\" title=\"Freudenstadt\" class=\"art_thema\" target=\"_blank\" rel=\"noopener\">Freudenstadt<\/a> die Venus-Skulptur auf dem Marktplatz mit einem auff\u00e4lligen orangefarbenen Rock versehen. Die Gestaltung macht bereits aus der Distanz auf die weltweite Aktion aufmerksam, die ein Zeichen gegen Gewalt an Frauen und M\u00e4dchen setzt, wie es in einer Mitteilung hei\u00dft. <\/p>\n<p>W\u00e4hrend des Aktionszeitraums wird zus\u00e4tzlich der Rathausturm orange illuminiert. Die Lichtinstallation erg\u00e4nzt die k\u00fcnstlerische Intervention auf dem Marktplatz und sorgt daf\u00fcr, dass die Botschaft der Kampagne weithin sichtbar bleibt.<\/p>\n<p>Gemeinsam mit der Organisation Eigensinn wurde zudem ein Schaufenster am Marktplatz kreativ gestaltet. Die farblich abgestimmte Dekoration soll Passanten auf das Thema aufmerksam machen und dazu anregen, sich mit der Situation der von Gewalt betroffenen Frauen und M\u00e4dchen auseinanderzusetzen.<\/p>\n<p>  <img decoding=\"async\" loading=\"lazy\" src=\"https:\/\/www.europesays.com\/de\/wp-content\/uploads\/2025\/11\/media.media.132145b5-3387-446c-b642-77b683da10d8.original1024.media.jpeg\"\/>     Auch der Rathausturm strahlt in Orange.    Foto: Jordan    <\/p>\n<p>Die Kooperation der beteiligten Einrichtungen zeigt, wie lokale Initiativen durch gemeinsames Engagement gesellschaftliche Anliegen in die \u00d6ffentlichkeit tragen und das Bewusstsein f\u00fcr Gewaltpr\u00e4vention st\u00e4rken k\u00f6nnen, hei\u00dft es weiter.<\/p>\n<p>  <b\/> <\/p>\n<p> <b>Die \u201eOrange Days\u201c <\/b>finden j\u00e4hrlich von 25. November bis 10. Dezember statt. In rund 187 L\u00e4ndern beteiligen sich mehr als 6000 Organisationen.<\/p>\n","protected":false},"excerpt":{"rendered":"Zum Auftakt der internationalen \u201eOrange Days\u201c hat der Club Soroptimist Freudenstadt die Venus-Skulptur auf dem Marktplatz mit einem&hellip;\n","protected":false},"author":2,"featured_media":605516,"comment_status":"","ping_status":"","sticky":false,"template":"","format":"standard","meta":{"footnotes":""},"categories":[1775],"tags":[1793,29,214,12245,12246,30,17164,2335,1794,144270,27700,11838,144271,215],"class_list":{"0":"post-605515","1":"post","2":"type-post","3":"status-publish","4":"format-standard","5":"has-post-thumbnail","7":"category-kunst-und-design","8":"tag-art-and-design","9":"tag-deutschland","10":"tag-entertainment","11":"tag-freudenstadt","12":"tag-freudenstadt-umgebung","13":"tag-germany","14":"tag-gewalt-gegen-frauen","15":"tag-kreis-freudenstadt","16":"tag-kunst-und-design","17":"tag-orange-days","18":"tag-rathausturm","19":"tag-skulptur","20":"tag-soroptimist","21":"tag-unterhaltung"},"share_on_mastodon":{"url":"https:\/\/pubeurope.com\/@de\/115620443215786403","error":""},"_links":{"self":[{"href":"https:\/\/www.europesays.com\/de\/wp-json\/wp\/v2\/posts\/605515","targetHints":{"allow":["GET"]}}],"collection":[{"href":"https:\/\/www.europesays.com\/de\/wp-json\/wp\/v2\/posts"}],"about":[{"href":"https:\/\/www.europesays.com\/de\/wp-json\/wp\/v2\/types\/post"}],"author":[{"embeddable":true,"href":"https:\/\/www.europesays.com\/de\/wp-json\/wp\/v2\/users\/2"}],"replies":[{"embeddable":true,"href":"https:\/\/www.europesays.com\/de\/wp-json\/wp\/v2\/comments?post=605515"}],"version-history":[{"count":0,"href":"https:\/\/www.europesays.com\/de\/wp-json\/wp\/v2\/posts\/605515\/revisions"}],"wp:featuredmedia":[{"embeddable":true,"href":"https:\/\/www.europesays.com\/de\/wp-json\/wp\/v2\/media\/605516"}],"wp:attachment":[{"href":"https:\/\/www.europesays.com\/de\/wp-json\/wp\/v2\/media?parent=605515"}],"wp:term":[{"taxonomy":"category","embeddable":true,"href":"https:\/\/www.europesays.com\/de\/wp-json\/wp\/v2\/categories?post=605515"},{"taxonomy":"post_tag","embeddable":true,"href":"https:\/\/www.europesays.com\/de\/wp-json\/wp\/v2\/tags?post=605515"}],"curies":[{"name":"wp","href":"https:\/\/api.w.org\/{rel}","templated":true}]}}