{"id":605517,"date":"2025-11-27T07:19:12","date_gmt":"2025-11-27T07:19:12","guid":{"rendered":"https:\/\/www.europesays.com\/de\/605517\/"},"modified":"2025-11-27T07:19:12","modified_gmt":"2025-11-27T07:19:12","slug":"rentenstreit-ju-chef-knoll-hofft-auf-kompromisse","status":"publish","type":"post","link":"https:\/\/www.europesays.com\/de\/605517\/","title":{"rendered":"Rentenstreit: JU-Chef Knoll hofft auf Kompromisse"},"content":{"rendered":"<p>Im <a href=\"https:\/\/www.br.de\/nachrichten\/bayern\/aktivrente-fruehstartrente-muetterrente-das-will-die-koalition,V364J0q\" target=\"_blank\" rel=\"noopener\">Streit um das Rentenpaket <\/a>der schwarz-roten Regierung hofft der Vorsitzende der Jungen Union in Bayern (JU), Manuel Knoll, auf einen Kompromiss. <\/p>\n<p>Stand jetzt gebe es f\u00fcr den Gesetzesentwurf von Sozialministerin B\u00e4rbel Bas (SPD) keine Mehrheit, denn das Rentenpaket sei &#8222;eine \u00fcberm\u00e4\u00dfige Belastung kommender Generationen&#8220;, so Knoll in der M\u00fcnchner Runde im BR Fernsehen. &#8222;Ich denke, die St\u00e4rke einer Koalition misst sich an ihrer Kompromissf\u00e4higkeit und ich gehe schon davon aus, dass man auch in den Gespr\u00e4chen in Berlin einen Kompromiss finden wird&#8220;, sagte Knoll. Der Koalitionsausschuss ber\u00e4t am Donnerstagabend im Kanzleramt.<\/p>\n<p>Junge Union will die Haltelinie aus dem Gesetzentwurf streichen<\/p>\n<p>Knoll unterst\u00fctzt damit die Junge Gruppe in der CSU\/CDU-Fraktion im Bundestag, die dem Rentenpaket in seiner jetzigen Form nicht zustimmen will. Ihr Kritikpunkt ist die &#8222;Haltelinie&#8220; im Gesetzesentwurf, die daf\u00fcr sorgt, dass auch nach 2031 das Rentenniveau einen Prozentpunkt h\u00f6her liegen w\u00fcrde als im geltenden Recht. Die Regelung der Haltelinie verursache laut der Jungen Union bis 2040 bis zu 120 Milliarden Euro Mehrkosten f\u00fcr den Steuerzahler. Sie sei auch im Koalitionsvertrag nicht geregelt worden.<\/p>\n<p>Bayern SPD: Haltelinie eine Frage der Generationengerechtigkeit<\/p>\n<p>Ronja Endres, Vorsitzende der Bayern SPD, sieht in dem Gesetzentwurf keinen Widerspruch zum Koalitionsvertrag. Sie bef\u00fcrwortet die Haltelinie, weil sie f\u00fcr Generationengerechtigkeit sorge: &#8222;Wer lange und hart gearbeitet hat, soll eine gute Rente bekommen&#8220;, so Endres. Das gelte auch f\u00fcr die jungen Menschen, die &#8222;jetzt hart und flei\u00dfig arbeiten&#8220; \u2013 auch die verdienten aus Sicht der SPD-Politikerin sp\u00e4te eine hohe Rente, sonst sei es ungerecht.<\/p>\n<p>Aiwanger: Wirtschaft muss st\u00e4rker sein<\/p>\n<p>Bayerns Wirtschaftsminister Hubert Aiwanger (Freie W\u00e4hler) fordert, die Diskussion um die Rente nicht einseitig zu f\u00fchren, sondern die Wirtschaft insgesamt zu st\u00e4rken: &#8222;Ich kann auch 55 Prozent Rentenniveau haben. Wenn ich eine zu teure Miete habe und die Lebensmittel immer teurer werden,  dann bin ich trotzdem am Ende arm&#8220;, so Aiwanger in der M\u00fcnchner Runde. Man m\u00fcsse vor allem an die Eigenverantwortlichkeit der Menschen appellieren und etwa den Kauf einer eigenen Immobilie f\u00f6rdern, so Aiwanger.<\/p>\n","protected":false},"excerpt":{"rendered":"Im Streit um das Rentenpaket der schwarz-roten Regierung hofft der Vorsitzende der Jungen Union in Bayern (JU), Manuel&hellip;\n","protected":false},"author":2,"featured_media":605518,"comment_status":"","ping_status":"","sticky":false,"template":"","format":"standard","meta":{"footnotes":""},"categories":[1773],"tags":[83785,29,214,30,14504,8118,144272,2339,379,16847,64629,471,1780,215],"class_list":{"0":"post-605517","1":"post","2":"type-post","3":"status-publish","4":"format-standard","5":"has-post-thumbnail","7":"category-serien","8":"tag-bayern-spd","9":"tag-deutschland","10":"tag-entertainment","11":"tag-germany","12":"tag-hubert-aiwanger","13":"tag-junge-union","14":"tag-junge-union-bayern","15":"tag-oberbayern","16":"tag-rente","17":"tag-rentenversicherung","18":"tag-ronja-endres","19":"tag-serien","20":"tag-series","21":"tag-unterhaltung"},"share_on_mastodon":{"url":"","error":""},"_links":{"self":[{"href":"https:\/\/www.europesays.com\/de\/wp-json\/wp\/v2\/posts\/605517","targetHints":{"allow":["GET"]}}],"collection":[{"href":"https:\/\/www.europesays.com\/de\/wp-json\/wp\/v2\/posts"}],"about":[{"href":"https:\/\/www.europesays.com\/de\/wp-json\/wp\/v2\/types\/post"}],"author":[{"embeddable":true,"href":"https:\/\/www.europesays.com\/de\/wp-json\/wp\/v2\/users\/2"}],"replies":[{"embeddable":true,"href":"https:\/\/www.europesays.com\/de\/wp-json\/wp\/v2\/comments?post=605517"}],"version-history":[{"count":0,"href":"https:\/\/www.europesays.com\/de\/wp-json\/wp\/v2\/posts\/605517\/revisions"}],"wp:featuredmedia":[{"embeddable":true,"href":"https:\/\/www.europesays.com\/de\/wp-json\/wp\/v2\/media\/605518"}],"wp:attachment":[{"href":"https:\/\/www.europesays.com\/de\/wp-json\/wp\/v2\/media?parent=605517"}],"wp:term":[{"taxonomy":"category","embeddable":true,"href":"https:\/\/www.europesays.com\/de\/wp-json\/wp\/v2\/categories?post=605517"},{"taxonomy":"post_tag","embeddable":true,"href":"https:\/\/www.europesays.com\/de\/wp-json\/wp\/v2\/tags?post=605517"}],"curies":[{"name":"wp","href":"https:\/\/api.w.org\/{rel}","templated":true}]}}