{"id":605519,"date":"2025-11-27T07:20:19","date_gmt":"2025-11-27T07:20:19","guid":{"rendered":"https:\/\/www.europesays.com\/de\/605519\/"},"modified":"2025-11-27T07:20:19","modified_gmt":"2025-11-27T07:20:19","slug":"wacken-kuendigt-55-neue-acts-fuer-naechstes-jahr-an","status":"publish","type":"post","link":"https:\/\/www.europesays.com\/de\/605519\/","title":{"rendered":"Wacken k\u00fcndigt 55 neue Acts f\u00fcr n\u00e4chstes Jahr an"},"content":{"rendered":"<p class=\"richtext text-em-55 !leading-serif mx-6 desktop:mx-0\">F\u00fcr das Heavy-Metal-Festival Wacken Open Air (W:O:A) haben bislang bereits 55 Bands und Einzelmusiker f\u00fcr 2026 zugesagt. Als nur einige Highlights nennen die Veranstalter auf ihrer Festival-Website die \u201eunangefochtenen Metal Gods\u201c Judas Priest sowie die Bands und Musiker Saxon, Heavysaurus, Uli Jon Roth, Arch Enemy, Yngwie Malmsteen und Rose <a href=\"https:\/\/rp-online.de\/thema\/tattoo\/\" target=\"_blank\" rel=\"noopener\">Tattoo<\/a>.<\/p>\n","protected":false},"excerpt":{"rendered":"F\u00fcr das Heavy-Metal-Festival Wacken Open Air (W:O:A) haben bislang bereits 55 Bands und Einzelmusiker f\u00fcr 2026 zugesagt. Als&hellip;\n","protected":false},"author":2,"featured_media":605520,"comment_status":"","ping_status":"","sticky":false,"template":"","format":"standard","meta":{"footnotes":""},"categories":[1772],"tags":[5564,39050,29,214,1002,5561,144278,30,43673,98146,144276,3969,144277,1779,810,144273,144275,144274,215,78403],"class_list":{"0":"post-605519","1":"post","2":"type-post","3":"status-publish","4":"format-standard","5":"has-post-thumbnail","7":"category-musik","8":"tag-air","9":"tag-bands","10":"tag-deutschland","11":"tag-entertainment","12":"tag-fans","13":"tag-festival","14":"tag-festivalgeschichte","15":"tag-germany","16":"tag-heavy","17":"tag-heavysaurus","18":"tag-judas","19":"tag-metal","20":"tag-metalfans","21":"tag-music","22":"tag-musik","23":"tag-naechstes","24":"tag-priest","25":"tag-saxon","26":"tag-unterhaltung","27":"tag-wacken"},"share_on_mastodon":{"url":"https:\/\/pubeurope.com\/@de\/115620454410187599","error":""},"_links":{"self":[{"href":"https:\/\/www.europesays.com\/de\/wp-json\/wp\/v2\/posts\/605519","targetHints":{"allow":["GET"]}}],"collection":[{"href":"https:\/\/www.europesays.com\/de\/wp-json\/wp\/v2\/posts"}],"about":[{"href":"https:\/\/www.europesays.com\/de\/wp-json\/wp\/v2\/types\/post"}],"author":[{"embeddable":true,"href":"https:\/\/www.europesays.com\/de\/wp-json\/wp\/v2\/users\/2"}],"replies":[{"embeddable":true,"href":"https:\/\/www.europesays.com\/de\/wp-json\/wp\/v2\/comments?post=605519"}],"version-history":[{"count":0,"href":"https:\/\/www.europesays.com\/de\/wp-json\/wp\/v2\/posts\/605519\/revisions"}],"wp:featuredmedia":[{"embeddable":true,"href":"https:\/\/www.europesays.com\/de\/wp-json\/wp\/v2\/media\/605520"}],"wp:attachment":[{"href":"https:\/\/www.europesays.com\/de\/wp-json\/wp\/v2\/media?parent=605519"}],"wp:term":[{"taxonomy":"category","embeddable":true,"href":"https:\/\/www.europesays.com\/de\/wp-json\/wp\/v2\/categories?post=605519"},{"taxonomy":"post_tag","embeddable":true,"href":"https:\/\/www.europesays.com\/de\/wp-json\/wp\/v2\/tags?post=605519"}],"curies":[{"name":"wp","href":"https:\/\/api.w.org\/{rel}","templated":true}]}}