{"id":605525,"date":"2025-11-27T07:23:10","date_gmt":"2025-11-27T07:23:10","guid":{"rendered":"https:\/\/www.europesays.com\/de\/605525\/"},"modified":"2025-11-27T07:23:10","modified_gmt":"2025-11-27T07:23:10","slug":"bvb-news-und-geruechte-es-sieht-natuerlich-etwas-ungluecklich-aus-borussia-dortmund-aeussert-sich-wegen-nico-schlotterbeck-zu-brisantem-clip-spox-com","status":"publish","type":"post","link":"https:\/\/www.europesays.com\/de\/605525\/","title":{"rendered":"BVB, News und Ger\u00fcchte &#8211; &quot;Es sieht nat\u00fcrlich etwas ungl\u00fccklich aus&quot;: Borussia Dortmund \u00e4u\u00dfert sich wegen Nico Schlotterbeck zu brisantem Clip &#8211; SPOX.com"},"content":{"rendered":"<ol>\n<li><a href=\"https:\/\/news.google.com\/rss\/articles\/CBMiowJBVV95cUxQU04zU0ZDejZBdnY5NDJzRlVPMWpPODRQN3dqaG81aENzT2g3MXVrWXZqRlpmWjlhUllTSkI0RjZxX3FJTDJuM3ZZVFNxc19rQURQZkFiS0ZvSVZMaElhZ1RtSlphUlRwU1VfNzFzbVdXUmozWkFnWVRjeU5CemNqbmRsWXl1SjYzXzV3bTFFNkJJZ3pwZWpQamV5MF9OQnI2N0tQSmYxS3hQOG9FZU5PcUI4ZjdEV213VW9TYlRBX0lFNkxUaXJRZmJBekNsWXd4eDJScmZXRW9hWjZlOGk1WmI0Z3E5MFVQd0REUHJfalRtTmhmMEF3T1F2RkU5M0ZuVkstc0RHbUM1RVlkei1OX2NGWjZJUmNxVFRGR2pDN1V4ZWM?oc=5\" target=\"_blank\" rel=\"noopener\">BVB, News und Ger\u00fcchte &#8211; &#8222;Es sieht nat\u00fcrlich etwas ungl\u00fccklich aus&#8220;: Borussia Dortmund \u00e4u\u00dfert sich wegen Nico Schlotterbeck zu brisantem Clip<\/a>&nbsp;&nbsp;SPOX.com<\/li>\n<li><a href=\"https:\/\/news.google.com\/rss\/articles\/CBMirAFBVV95cUxNdkpja1EwNGc3YzFJQ1lpMDZkUEpyX3B5M0FxNkw5NERYOVdoMWxOa0pPMjR5RGtWY1Fmb19ydU9kazNhVmd0alE5Sm1XaENVckdJRl9BZUtadFZRSW5DVU5OeXdFZzVsSE9nR05YSGtieUVsOWpUX050T05zWkJWZzVCUWVvUFJCY3RXd00xamlSYnl1Y0pEaGxFRXJseVQ4NGtYa05TcHNWOEVB?oc=5\" target=\"_blank\" rel=\"noopener\">Kehls kleine Ansage im Schlotterbeck-Poker &#8211; und ein &#8222;ungl\u00fccklicher&#8220; Clip<\/a>&nbsp;&nbsp;Kicker<\/li>\n<li><a href=\"https:\/\/news.google.com\/rss\/articles\/CBMiygFBVV95cUxOV3AtNUM4bHh3amt0QUR3MHc2SVgxOG9ZeGZJZ0VGQzg1VFlyV3NySElpZ01rSjVuMk4wQ0QtRFNkdnpZdHZ5STlreUdzd0ZyMHAtM1NER0RZUlAyX2YxVW5sUWk5M3NJdlFsYTZ5emNoblZEdnR0UTVaU2tGUWQ4OGp6b1VNSEJZdGZ4NWNvVnpYZUp4RDJnclZPeGRXbE80bkp4UW01V01KMFlkNGU0anFlOExwRDF3cnpGSFBlUHliTW9WYXZKajhR?oc=5\" target=\"_blank\" rel=\"noopener\">Kehl: BVB wird sich f\u00fcr Schlotterbeck \u201ewirtschaftlich bewegen\u201c \u2013 Bayern bleibt Thema<\/a>&nbsp;&nbsp;Transfermarkt<\/li>\n<li><a href=\"https:\/\/news.google.com\/rss\/articles\/CBMi7wFBVV95cUxPb3U4cktWWWVBbXRXXzFoTV9QeGpDR2ExenYtMnhZdFJKOWVzTDhRZ2NyQl8wRlpJb2t5ZEVxWGFIT1RodmM2U2pJVUZ0dnB2X0J6ZzFCcjZNbEhpQ3lHQTlzZDdYbE9jZWNCVFZpNEhoZ2ROby1zWjRoTldxbVMyTWV3cmdSeE8xdHp6enh1ZEhYNVpRSnpqTGRMRjVhNERDSUlTV3QzM0JORmdtTVdLSnozVjZncmxsX2JUdjFpVTdYLTZtRlBLeEdLekE1YUprbzc0VG9FRTVGU2tqbGxfYzB4LWlzdHBHX1JJQm53SQ?oc=5\" target=\"_blank\" rel=\"noopener\">Er traf sich 2022 mit Salihamidzic: So ist der Stand bei Schlotterbeck und Bayern<\/a>&nbsp;&nbsp;Sport Bild<\/li>\n<li><a href=\"https:\/\/news.google.com\/rss\/articles\/CBMiuAFBVV95cUxPal9BeTBFa01CRVFMOEE5Q1JUN2JtQVRVVEY2YW1mdzNoWlR0TFJMQVhueFJDLThaYWpQbTRpOHdhZzdYQThscko1QXVIYUJMMWtFX2RIWEUwcE1VcnNzQUJFVTVPb1NaaUNBdklTMEZFTVdvanU3MjM2M3NESlhmVUQzWWVVYmV1WG5oS0NWYnBVYmRLX3hqcnRyLWJnbjZqM0dQMXRBR3ljRC1ibjNVMFZzTUgxS2tQ0gG-AUFVX3lxTFBTVmtScU9PaHdiRng5dm5ZNVVYNjczRkN3TldNV1FxS19iUTlmS0g2NnZ1SDd3Xy14cnJDdTVYd2JpaVp1NVhURXd0clQ4bnA4RExDZXBxX3dRM09PX0dDdVdpdXVZNnVxTEJVX3ZvV19kaW1oSFg2ZGN6R0oyZzVHeWptWW40cnp3OTU2X0dZSE1CNXFhTXVWclB1OEN4REZxYmJYWDA5YTRCN1JWWHczSVRCbXNaR0xEck50eHc?oc=5\" target=\"_blank\" rel=\"noopener\">&#8220;Verhandlungen stocken deswegen nicht&#8220; &#8211; Kehl \u00fcber Handschlag-Szene<\/a>&nbsp;&nbsp;Sky.de<\/li>\n<\/ol>\n","protected":false},"excerpt":{"rendered":"BVB, News und Ger\u00fcchte &#8211; &#8222;Es sieht nat\u00fcrlich etwas ungl\u00fccklich aus&#8220;: Borussia Dortmund \u00e4u\u00dfert sich wegen Nico Schlotterbeck&hellip;\n","protected":false},"author":2,"featured_media":605526,"comment_status":"","ping_status":"","sticky":false,"template":"","format":"standard","meta":{"footnotes":""},"categories":[136],"tags":[888,299,29,347,30,33390,4604,265],"class_list":{"0":"post-605525","1":"post","2":"type-post","3":"status-publish","4":"format-standard","5":"has-post-thumbnail","7":"category-sport","8":"tag-borussia-dortmund","9":"tag-bundesliga","10":"tag-deutschland","11":"tag-fussball","12":"tag-germany","13":"tag-n-schlotterbeck","14":"tag-soccer","15":"tag-sport"},"share_on_mastodon":{"url":"https:\/\/pubeurope.com\/@de\/115620466142603699","error":""},"_links":{"self":[{"href":"https:\/\/www.europesays.com\/de\/wp-json\/wp\/v2\/posts\/605525","targetHints":{"allow":["GET"]}}],"collection":[{"href":"https:\/\/www.europesays.com\/de\/wp-json\/wp\/v2\/posts"}],"about":[{"href":"https:\/\/www.europesays.com\/de\/wp-json\/wp\/v2\/types\/post"}],"author":[{"embeddable":true,"href":"https:\/\/www.europesays.com\/de\/wp-json\/wp\/v2\/users\/2"}],"replies":[{"embeddable":true,"href":"https:\/\/www.europesays.com\/de\/wp-json\/wp\/v2\/comments?post=605525"}],"version-history":[{"count":0,"href":"https:\/\/www.europesays.com\/de\/wp-json\/wp\/v2\/posts\/605525\/revisions"}],"wp:featuredmedia":[{"embeddable":true,"href":"https:\/\/www.europesays.com\/de\/wp-json\/wp\/v2\/media\/605526"}],"wp:attachment":[{"href":"https:\/\/www.europesays.com\/de\/wp-json\/wp\/v2\/media?parent=605525"}],"wp:term":[{"taxonomy":"category","embeddable":true,"href":"https:\/\/www.europesays.com\/de\/wp-json\/wp\/v2\/categories?post=605525"},{"taxonomy":"post_tag","embeddable":true,"href":"https:\/\/www.europesays.com\/de\/wp-json\/wp\/v2\/tags?post=605525"}],"curies":[{"name":"wp","href":"https:\/\/api.w.org\/{rel}","templated":true}]}}