{"id":605530,"date":"2025-11-27T07:26:20","date_gmt":"2025-11-27T07:26:20","guid":{"rendered":"https:\/\/www.europesays.com\/de\/605530\/"},"modified":"2025-11-27T07:26:20","modified_gmt":"2025-11-27T07:26:20","slug":"verkehrsminister-duffy-startet-kampagne-gegen-pyjama-flugreisende","status":"publish","type":"post","link":"https:\/\/www.europesays.com\/de\/605530\/","title":{"rendered":"Verkehrsminister Duffy startet Kampagne gegen Pyjama-Flugreisende"},"content":{"rendered":"<p>&#8222;Verrohung der H\u00f6flichkeit&#8220; <\/p>\n<p>US-Verkehrsminister wettert gegen Passagiere im Schlafanzug<\/p>\n<p>Aktualisiert am 27.11.2025 &#8211; 07:23 UhrLesedauer: 2 Min.<\/p>\n<p><a href=\"#focus-0\" class=\"transition-colors duration-200 block text-current relative\" data-sctrack=\"FocusGalleryImage.Reference\"><img fetchpriority=\"high\" data-testid=\"Opener.Image\" style=\"--lqipURL:url('https:\/\/images.t-online.de\/2025\/11\/imGbKJfSjEKu\/163x36:3628x2041\/fit-in\/150x0\/filters:blur(25)\/october-30-2025-washington-district-of-columbia-usa-us-secretary-of-transportation-sean-duffy-gives-remarks-during-a-press-conference-with-transpiration-and-airline-executives-outside-the-west-wing-of-the-white-house-in-washington-dc-usa-on-thursday-october-30-2025-the-trump-administration-is-warning-that-as-the-government-shutdown-now-in-its-30th-day-drags-on-it-will-have-a-worsening-effect-on-airline-travel-delays-washington-usa-zumas152-20251030-faa-s152-005-copyright-xaaronxschwartzx-xp.jpg')\"   loading=\"eager\" src=\"https:\/\/www.europesays.com\/de\/wp-content\/uploads\/2025\/11\/october-30-2025-washington-district-of-columbia-usa-us-secretary-of-transportation-sean-duffy-gives-.jpeg\" alt=\"imago images 0838882144\" title=\"imago images 0838882144\" width=\"3628\" height=\"2041\" class=\"bg-[url:var(--lqipURL)] bg-cover bg-center flex h-full w-full max-w-full\" decoding=\"async\"\/><img style=\"--width:32;--height:32\" loading=\"lazy\" src=\"https:\/\/www.t-online.de\/s\/paper\/_next\/static\/media\/zoom-in.f7dae02f.svg\" alt=\"Vergr\u00f6\u00dfern des Bildes\" title=\"Vergr\u00f6\u00dfern des Bildes\" class=\"block h-[calc(var(--height)_\/_16_*_1rem)] w-[calc(var(--width)_\/_16_*_1rem)] max-w-none absolute bottom-8 right-8 rounded-4 bg-snow p-8\" decoding=\"async\"\/><\/a><\/p>\n<p>US-Verkehrsminister Sean Duffy spricht. Im Hintergrund h\u00f6rt Vizepr\u00e4sident JD Vance seiner Rede zu. (Quelle: IMAGO\/Aaron Schwartz &#8211; Pool via CNP\/imago)<\/p>\n<p class=\"font-bold text-18 leading-17\">In einer Zeit, in der die USA viele Probleme plagen, hat sich der Verkehrsminister einen seltsamen Kampf auf die Agenda geschrieben. Es geht um die Kleiderordnung.<\/p>\n<p class=\"text-18 leading-17\">US-Verkehrsminister Sean Duffy hat eine Botschaft an seine amerikanischen Mitb\u00fcrger gerichtet, die \u00fcberrascht. Bei einem Auftritt am <a class=\"transition-colors duration-200 cursor-pointer text-inherit no-underline text-salemsfur md:hover:text-magenta md:hover:border-magenta md:focus:text-magenta border-current border-b border-solid break-words\" href=\"https:\/\/www.t-online.de\/themen\/flughafen\/\" data-sctrack=\"BodyAnchor\" target=\"_blank\" rel=\"noopener\">Flughafen<\/a> Newark in New Jersey sagte Duffy, er habe eine &#8222;Verrohung der H\u00f6flichkeit&#8220; unter Flugreisenden festgestellt. Er starte deshalb eine sogenannte &#8222;H\u00f6flichkeitskampagne&#8220;, um mehr R\u00fccksicht und Geduld w\u00e4hrend des dichten Reiseverkehrs in der Ferienzeit einzufordern. Dazu geh\u00f6re auch, nicht in Pyjama und Schlappen am Flughafen aufzutauchen, so Duffy.<\/p>\n<p class=\"text-18 leading-17\"><a class=\"transition-colors duration-200 cursor-pointer text-inherit no-underline text-salemsfur md:hover:text-magenta md:hover:border-magenta md:focus:text-magenta border-current border-b border-solid break-words\" href=\"https:\/\/www.t-online.de\/nachrichten\/ausland\/usa\/id_101007570\/us-newsblog-auslaender-zahlen-fuer-diese-us-attraktionen-bald-mehr.html\" data-sctrack=\"BodyAnchor\" target=\"_blank\" rel=\"noopener\">Der Minister<\/a> forderte Reisende auf: &#8222;Bitte und Danke zu unseren Piloten und Flugbegleitern zu sagen&#8220; und sich &#8222;mit einem gewissen Respekt&#8220; zu kleiden. &#8222;Ob es nun eine Jeans und ein ordentliches Hemd ist. Ich w\u00fcrde die Leute dazu ermutigen, sich vielleicht ein bisschen besser anzuziehen, was wiederum dazu beitr\u00e4gt, dass wir uns ein bisschen besser benehmen&#8220;, sagte er. &#8222;Versuchen wir, keine Hausschuhe und Pyjamas zu tragen, wenn wir zum Flughafen kommen. Ich denke, das w\u00e4re positiv.&#8220;<\/p>\n<p class=\"text-18 leading-17\">Nicht nur der &#8222;normale&#8220; Amerikaner wird hier in die Verantwortung genommen. Auch Stars. Vor einigen Jahren hatte zum Beispiel ein Foto von <a class=\"transition-colors duration-200 cursor-pointer text-inherit no-underline text-salemsfur md:hover:text-magenta md:hover:border-magenta md:focus:text-magenta border-current border-b border-solid break-words\" href=\"https:\/\/www.t-online.de\/themen\/ed-sheeran\/\" data-sctrack=\"BodyAnchor\" target=\"_blank\" rel=\"noopener\">Ed Sheeran<\/a> Aufregung ausgel\u00f6st. Der britische Superstar war fotografiert worden, wie er in einer klassischen karierten Schlafanzughose zum Flieger in <a class=\"transition-colors duration-200 cursor-pointer text-inherit no-underline text-salemsfur md:hover:text-magenta md:hover:border-magenta md:focus:text-magenta border-current border-b border-solid break-words\" href=\"https:\/\/www.t-online.de\/themen\/los-angeles\/\" data-sctrack=\"BodyAnchor\" target=\"_blank\" rel=\"noopener\">Los Angeles<\/a> ging. Auf die Diskussionen dar\u00fcber antwortete er mit den Worten: &#8222;Es ist einfach so gem\u00fctlich, ich k\u00f6nnte den ganzen Tag im Schlafanzug herumh\u00e4ngen.&#8220;<\/p>\n<p class=\"text-18 leading-17\">Was f\u00fcr viele eine Frage der Gem\u00fctlichkeit ist, empfindet die Knigge-Expertin Diane Gottsman als Affront. Sie sagte Fox News: &#8222;Aus Etikette-Sicht sollten Pyjamas der Privatsph\u00e4re des eigenen Zuhauses oder Hotelzimmers vorbehalten sein, wo man sich entspannt, und nicht in einem \u00f6ffentlichen Raum getragen werden.&#8220;<\/p>\n<p class=\"text-18 leading-17\">Aber Minister Duffy ging es nicht nur um die Etikette. Er forderte Passagiere au\u00dferdem dazu auf, anderen Reisenden zu helfen, die beispielsweise Schwierigkeiten haben, ihr Gep\u00e4ck in die oberen Ablagef\u00e4cher zu heben. Das sei &#8222;einfache H\u00f6flichkeit und ein Zeichen von Anstand, wenn diejenigen von Ihnen, die kr\u00e4ftiger sind und vielleicht sogar Hanteltraining machen, dann zugreifen&#8220;.<\/p>\n<p class=\"text-18 leading-17\">H\u00f6flichkeit zur\u00fcckzubringen, verbessere seiner Meinung nach das Reiseerlebnis f\u00fcr alle, sagte <a class=\"transition-colors duration-200 cursor-pointer text-inherit no-underline text-salemsfur md:hover:text-magenta md:hover:border-magenta md:focus:text-magenta border-current border-b border-solid break-words\" href=\"https:\/\/www.t-online.de\/leben\/reisen\/id_100986320\/us-luftverkehr-von-shutdown-bedroht-sperrungen-und-chaos-befuerchtet.html\" data-sctrack=\"BodyAnchor\" target=\"_blank\" rel=\"noopener\">Duffy<\/a> in einem Interview mit Fox News. Seine Initiative ist eine Reaktion auf einen Anstieg von Zwischenf\u00e4llen an Bord um 400 Prozent seit 2019 \u2013 von st\u00f6rendem Verhalten bis hin zu Gewalt, wie Daten der Bundesluftfahrtbeh\u00f6rde FAA zeigen.<\/p>\n<p class=\"text-18 leading-17\">Fast jeder f\u00fcnfte Flugbegleiter berichtete laut der Angaben der Transportsicherheitsbeh\u00f6rde TSA im Jahr 2021 von einem k\u00f6rperlichen Vorfall, w\u00e4hrend die Meldungen \u00fcber gewaltt\u00e4tige Passagiere im Jahr 2024 weiterhin \u00fcber dem Niveau vor der Pandemie lagen.<\/p>\n","protected":false},"excerpt":{"rendered":"&#8222;Verrohung der H\u00f6flichkeit&#8220; US-Verkehrsminister wettert gegen Passagiere im Schlafanzug Aktualisiert am 27.11.2025 &#8211; 07:23 UhrLesedauer: 2 Min. US-Verkehrsminister&hellip;\n","protected":false},"author":2,"featured_media":605531,"comment_status":"","ping_status":"","sticky":false,"template":"","format":"standard","meta":{"footnotes":""},"categories":[134],"tags":[522,175,170,169,29,799,30,48605,171,174,25053,944,29076,3576,144281,144283,39422,173,172,64,144282],"class_list":{"0":"post-605530","1":"post","2":"type-post","3":"status-publish","4":"format-standard","5":"has-post-thumbnail","7":"category-unternehmen-maerkte","8":"tag-522","9":"tag-business","10":"tag-companies","11":"tag-companies-markets","12":"tag-deutschland","13":"tag-fox-news","14":"tag-germany","15":"tag-hoeflichkeit","16":"tag-markets","17":"tag-maerkte","18":"tag-new-jersey","19":"tag-new-york","20":"tag-newark","21":"tag-rihanna","22":"tag-schlafanzug","23":"tag-schlafkleidung","24":"tag-sean-duffy","25":"tag-unternehmen","26":"tag-unternehmen-maerkte","27":"tag-usa","28":"tag-verrohung"},"share_on_mastodon":{"url":"https:\/\/pubeurope.com\/@de\/115620479262642191","error":""},"_links":{"self":[{"href":"https:\/\/www.europesays.com\/de\/wp-json\/wp\/v2\/posts\/605530","targetHints":{"allow":["GET"]}}],"collection":[{"href":"https:\/\/www.europesays.com\/de\/wp-json\/wp\/v2\/posts"}],"about":[{"href":"https:\/\/www.europesays.com\/de\/wp-json\/wp\/v2\/types\/post"}],"author":[{"embeddable":true,"href":"https:\/\/www.europesays.com\/de\/wp-json\/wp\/v2\/users\/2"}],"replies":[{"embeddable":true,"href":"https:\/\/www.europesays.com\/de\/wp-json\/wp\/v2\/comments?post=605530"}],"version-history":[{"count":0,"href":"https:\/\/www.europesays.com\/de\/wp-json\/wp\/v2\/posts\/605530\/revisions"}],"wp:featuredmedia":[{"embeddable":true,"href":"https:\/\/www.europesays.com\/de\/wp-json\/wp\/v2\/media\/605531"}],"wp:attachment":[{"href":"https:\/\/www.europesays.com\/de\/wp-json\/wp\/v2\/media?parent=605530"}],"wp:term":[{"taxonomy":"category","embeddable":true,"href":"https:\/\/www.europesays.com\/de\/wp-json\/wp\/v2\/categories?post=605530"},{"taxonomy":"post_tag","embeddable":true,"href":"https:\/\/www.europesays.com\/de\/wp-json\/wp\/v2\/tags?post=605530"}],"curies":[{"name":"wp","href":"https:\/\/api.w.org\/{rel}","templated":true}]}}