{"id":605537,"date":"2025-11-27T07:30:17","date_gmt":"2025-11-27T07:30:17","guid":{"rendered":"https:\/\/www.europesays.com\/de\/605537\/"},"modified":"2025-11-27T07:30:17","modified_gmt":"2025-11-27T07:30:17","slug":"wintipak-startet-erweiterung-des-werks-in-halle","status":"publish","type":"post","link":"https:\/\/www.europesays.com\/de\/605537\/","title":{"rendered":"Wintipak startet Erweiterung des Werks in Halle"},"content":{"rendered":"<p> 27. November 2025<\/p>\n<p><strong>Wintipak, Winterthur\/Schweiz, hat in Halle (Saale) den Grundstein f\u00fcr eine neue Produktionshalle gelegt und damit eine weitere Phase seines mehrj\u00e4hrigen Investitionsprogramms gestartet. Der Ausbau am Standort im Industriegebiet Star Park soll die Kapazit\u00e4ten erh\u00f6hen, die Versorgungssicherheit verbessern und das langfristige Wachstum in Europa unterst\u00fctzen.<\/strong><\/p>\n<p>Am 17. November 2025 feierte das Unternehmen den offiziellen Spatenstich. Der Neubau umfasst laut Angaben rund 11.800 Quadratmeter zus\u00e4tzliche Produktionsfl\u00e4che sowie 800 Quadratmeter f\u00fcr B\u00fcros, Technik und Lager. Die Investitionssumme betr\u00e4gt etwa 35 Millionen Euro. Die Inbetriebnahme ist f\u00fcr Juni 2026 vorgesehen und soll die Produktionskapazit\u00e4t des Standorts um etwa 30 Prozent steigern.<\/p>\n<p>Erweiterung unterstreicht Bedeutung des Standorts Halle<\/p>\n<p>Zur Feier kamen Vertreter aus Politik, Wirtschaft und Kommunen, darunter Sven Schulze, Minister f\u00fcr Wirtschaft, Tourismus, Landwirtschaft und Forsten des Landes Sachsen-Anhalt, sowie Halles B\u00fcrgermeister Egbert Geier. Minister Schulze betonte in seinem Wortlaut die regionale Relevanz des Projekts:<\/p>\n<p>\u201eDiese erneute Erweiterung von Wintipak ist ein klares Bekenntnis zu Sachsen-Anhalt als zukunftsorientiertem Industriestandort. Sie zeigt die internationale Wettbewerbsf\u00e4higkeit unserer Region und verdeutlicht, wie erfolgreich Unternehmen hier wachsen k\u00f6nnen.\u201c<\/p>\n<p>Auch B\u00fcrgermeister Geier hob die enge Verbindung zwischen Unternehmen und Stadt hervor:<\/p>\n<p>\u201eWintipaks Entscheidung, sich erneut im Star Park zu vergr\u00f6\u00dfern, unterstreicht die St\u00e4rke unseres Wirtschaftsstandorts und das Vertrauen der Unternehmen in die Region, unsere Stadt und unsere Infrastruktur.\u201c<\/p>\n<p>Effiziente Bauweise und Fokus auf Zukunftstechnologien<\/p>\n<p>Generalunternehmer Goldbeck setzt das Bauprojekt mit einem industriell vorgefertigten Bausystem um, das eine schnelle und qualitativ gleichbleibende Umsetzung erm\u00f6glichen soll. Die modulare Bauweise reduziere die Bauzeit und schaffe fr\u00fchzeitig Kapazit\u00e4ten f\u00fcr die weitere Expansion des Standorts.<\/p>\n<p>Wintipak ist seit 2013 in Halle pr\u00e4sent und hat den Standort nach eigenen Angaben zu einem leistungsf\u00e4higen Produktionszentrum entwickelt. Der Ausbau unterst\u00fctzt die strategische Ausrichtung, widerstandsf\u00e4hige und nachhaltige Lieferketten in Europa aufzubauen und globale Kunden aus der Milch-, Saft- und Getr\u00e4nkeindustrie zuverl\u00e4ssig zu versorgen.<\/p>\n<p>CEO Markku Vauhkonen erkl\u00e4rte:<\/p>\n<p>\u201eMit dieser neuen Produktionshalle investieren wir in die Zukunft unseres Unternehmens und der Region. Sie steht f\u00fcr unser Engagement f\u00fcr Innovation, Wachstum und langfristige Stabilit\u00e4t f\u00fcr unsere Kunden und Mitarbeitenden.\u201c<\/p>\n<p>Ausbau st\u00e4rkt Entwicklung nachhaltiger aseptischer Verpackungen<\/p>\n<p>Mit der Erweiterung schafft das Unternehmen zus\u00e4tzliche Kapazit\u00e4ten f\u00fcr Forschung, Entwicklung und den Einsatz neuer Maschinen im Bereich aseptischer Kartonverpackungen. Dies umfasst laut Wintipak unter anderem Fortschritte bei Materialeffizienz, recycelbaren Strukturen und energieoptimierten Produktionsverfahren. Der Standort soll damit besser auf steigende Marktanforderungen und regulatorische Entwicklungen in der Lebensmittel- und Getr\u00e4nkeindustrie vorbereitet sein.<\/p>\n<p>Quelle: Wintipak<\/p>\n","protected":false},"excerpt":{"rendered":"27. November 2025 Wintipak, Winterthur\/Schweiz, hat in Halle (Saale) den Grundstein f\u00fcr eine neue Produktionshalle gelegt und damit&hellip;\n","protected":false},"author":2,"featured_media":605538,"comment_status":"","ping_status":"","sticky":false,"template":"","format":"standard","meta":{"footnotes":""},"categories":[1860],"tags":[3364,29,548,663,3934,30,4062,17332,13,14,15,17331,860,12],"class_list":{"0":"post-605537","1":"post","2":"type-post","3":"status-publish","4":"format-standard","5":"has-post-thumbnail","7":"category-halle-saale","8":"tag-de","9":"tag-deutschland","10":"tag-eu","11":"tag-europa","12":"tag-europe","13":"tag-germany","14":"tag-halle","15":"tag-halle-saale","16":"tag-headlines","17":"tag-nachrichten","18":"tag-news","19":"tag-saale","20":"tag-sachsen-anhalt","21":"tag-schlagzeilen"},"share_on_mastodon":{"url":"https:\/\/pubeurope.com\/@de\/115620493586312992","error":""},"_links":{"self":[{"href":"https:\/\/www.europesays.com\/de\/wp-json\/wp\/v2\/posts\/605537","targetHints":{"allow":["GET"]}}],"collection":[{"href":"https:\/\/www.europesays.com\/de\/wp-json\/wp\/v2\/posts"}],"about":[{"href":"https:\/\/www.europesays.com\/de\/wp-json\/wp\/v2\/types\/post"}],"author":[{"embeddable":true,"href":"https:\/\/www.europesays.com\/de\/wp-json\/wp\/v2\/users\/2"}],"replies":[{"embeddable":true,"href":"https:\/\/www.europesays.com\/de\/wp-json\/wp\/v2\/comments?post=605537"}],"version-history":[{"count":0,"href":"https:\/\/www.europesays.com\/de\/wp-json\/wp\/v2\/posts\/605537\/revisions"}],"wp:featuredmedia":[{"embeddable":true,"href":"https:\/\/www.europesays.com\/de\/wp-json\/wp\/v2\/media\/605538"}],"wp:attachment":[{"href":"https:\/\/www.europesays.com\/de\/wp-json\/wp\/v2\/media?parent=605537"}],"wp:term":[{"taxonomy":"category","embeddable":true,"href":"https:\/\/www.europesays.com\/de\/wp-json\/wp\/v2\/categories?post=605537"},{"taxonomy":"post_tag","embeddable":true,"href":"https:\/\/www.europesays.com\/de\/wp-json\/wp\/v2\/tags?post=605537"}],"curies":[{"name":"wp","href":"https:\/\/api.w.org\/{rel}","templated":true}]}}