{"id":605543,"date":"2025-11-27T07:34:13","date_gmt":"2025-11-27T07:34:13","guid":{"rendered":"https:\/\/www.europesays.com\/de\/605543\/"},"modified":"2025-11-27T07:34:13","modified_gmt":"2025-11-27T07:34:13","slug":"feuerwehr-absolviert-sondereinsatz-in-der-adventszeit","status":"publish","type":"post","link":"https:\/\/www.europesays.com\/de\/605543\/","title":{"rendered":"Feuerwehr absolviert Sondereinsatz in der Adventszeit"},"content":{"rendered":"<p>\t\t\tFeuerwehr absolviert Sondereinsatz in der Adventszeit<br \/>\n\t\t\t\t\t\t\t\t\t\t\t\tFl\u00f6haer Truppe stellt das besondere Weihnachtsmann -Taxi<\/p>\n<p>\t\t\t\t<a id=\"whatsapp_channel_link\" href=\"https:\/\/whatsapp.com\/channel\/0029Va6RBvnLY6dCNLfeAA0c\" data-ct=\"SHARE\/WHATSAPPKANAL\" rel=\"nofollow noopener\" target=\"_blank\"><br \/>\n\t\t\t\t\t<img decoding=\"async\" alt=\"Zum Blick WhatsApp Kanal\" src=\"https:\/\/www.blick.de\/img\/WhatsApp-Kanal.svg\"\/><br \/>\n\t\t\t\t<\/a><\/p>\n<ul class=\"gallery-items\">\n<li class=\"img gallery-item\">\n<p>\t\t\t\t\t\t\t\t\t\t\t\t\t\t\t\t\t\t\t\t\t\t\t\t\t\t\t\t\t\t\t\t\t\t\t\t\t\t\t\t\t\t        \t\t\t\t<img decoding=\"async\" class=\"media-image \" loading=\"eager\" src=\"https:\/\/www.europesays.com\/de\/wp-content\/uploads\/2025\/11\/17636325_W400C3430x2313o0x0.jpg\" alt=\"Feuerwehr absolviert Sondereinsatz in der Adventszeit - Auf dem Gel\u00e4nde an der Georgenkirche Fl\u00f6ha findet wieder der Adventszauber statt. Foto: Knut Berger\/Archiv\"   style=\"&#10;&#9;&#9;&#9;aspect-ratio:3430\/2313;&#10;&#9;&#9;&#9;background: url(data:image\/jpg;base64,\/9j\/4AAQSkZJRgABAQEASABIAAD\/2wBDAAUDBAQEAwUEBAQFBQUGBwwIBwcHBw8LCwkMEQ8SEhEPERETFhwXExQaFRERGCEYGh0dHx8fExciJCIeJBweHx7\/2wBDAQUFBQcGBw4ICA4eFBEUHh4eHh4eHh4eHh4eHh4eHh4eHh4eHh4eHh4eHh4eHh4eHh4eHh4eHh4eHh4eHh4eHh7\/wAARCAAHAAoDASIAAhEBAxEB\/8QAFgABAQEAAAAAAAAAAAAAAAAAAAMH\/8QAIhAAAgEDBAIDAAAAAAAAAAAAAQIEABEhAwUGBxMUIjGS\/8QAFAEBAAAAAAAAAAAAAAAAAAAAA\/\/EABoRAAMBAAMAAAAAAAAAAAAAAAECEQADBMH\/2gAMAwEAAhEDEQA\/AK8G7Lk7RzSLP2Ta9SVoLDeLI0XZV8viAs4u3xaxF8kYx9mtQPe09SQ\/FSrDBHurg\/mlKHrKXosmfmihTLR6d\/\/Z) no-repeat left top; background-size: cover;&#9;&#9;&#9;height: 100%;&#9;&#9;\"\/><\/p>\n<p>\n\t\t\t\t\t\t\t\t\tAuf dem Gel\u00e4nde an der Georgenkirche Fl\u00f6ha findet wieder der Adventszauber statt. Foto: Knut Berger\/Archiv Foto: Knut Berger\n\t\t\t\t\t\t\t\t<\/p>\n<\/li>\n<\/ul>\n<p>\t\t\t\t\t\t\t\t\t\t\t\t\t\t\t\t\t\t\t\t\t\t\t\t\t\t\t\t\t\t<b class=\"ortsmarke\">Fl\u00f6ha.<\/b>\u00a0<\/p>\n<p>Das Jubil\u00e4um &#8222;125 Jahre Schule Fl\u00f6ha-Plaue&#8220; fand bereits vor einigen Wochen statt. Es ist aber an diesem Wochenende beim <a href=\"https:\/\/www.blick.de\/thema\/schlagwort\/adventszauber\" title=\"Adventszauber\" class=\"internal-article-link\" data-ct=\"ENTITY\/KEYWORD\/ADVENTSZAUBER\" rel=\"nofollow noopener\" target=\"_blank\">Adventszauber<\/a> an der Georgenkirche <a href=\"https:\/\/www.blick.de\/thema\/ort\/fl\u00f6ha\" title=\"Fl\u00f6ha\" class=\"internal-article-link\" data-ct=\"ENTITY\/LOCATION\/FL\u00f6HA\" rel=\"nofollow noopener\" target=\"_blank\">Fl\u00f6ha<\/a> noch einmal pr\u00e4sent.<\/p>\n<p>Thomas Engel wird mit einem kleinen Team im Gemeindehaus Restbest\u00e4nde an kleinen h\u00f6lzernen Figuren und Ansichtskarten verkaufen, die speziell f\u00fcr das Fest hergestellt wurden.<\/p>\n<p>\t\t\t\t\t\t\t\t\t\t\t\t\t\t\t\t\t\tIdeale Gelegenheit f\u00fcr ein Weihnachtsgeschenk<\/p>\n<p>&#8222;Wer noch ein kleines Weihnachtsgeschenk braucht, sollte zugreifen. Das Angebot gilt, so lange der Vorrat reicht&#8220;, sagt der P\u00e4dagoge. Zudem haben die Mitglieder der Freiwilligen Feuerwehr Fl\u00f6ha ihr historisches Einsatzfahrzeug vom Typ S 4000 poliert und f\u00fcr einen Einsatz vorbereitet.<\/p>\n<p>Der betagte Lastwagen dient als Transportmittel f\u00fcr den Weihnachtsmann. &#8222;Wir haben alles vorbereitet und bringen den Herrn im roten Mantel am Samstag p\u00fcnktlich gegen 17 Uhr auf das Areal&#8220;, versichert Stadtwehrleiter Silvio Schindler.<\/p>\n<p>\t\t\t\t\t\t\t\t\t\t\t\t\t\t\t\t\t\tAm ersten Adventswochenende wird eingeladen<\/p>\n<p>Der Adventszauber kann am 29. und 30. November jeweils ab 14 Uhr besucht werden. Unter anderem treten M\u00e4dchen und Jungen aus verschiedenen Kindereinrichtungen auf. An beiden Tagen spielt ab 18 Uhr Kantor Ekkehard H\u00fcbler Orgel. Zudem haben verschiedene R\u00e4ume der Friedrich-Schiller-Grundschule ge\u00f6ffnet.<\/p>\n<p>Beim Adventszauber handelt sich um eine Gemeinschaftsveranstaltung der evangelischen Kirche, der Grundschule, der Stadt und des F\u00f6rdervereins f\u00fcr Nachwuchssport.\u00a0<\/p>\n<p>\u00a0<\/p>\n","protected":false},"excerpt":{"rendered":"Feuerwehr absolviert Sondereinsatz in der Adventszeit Fl\u00f6haer Truppe stellt das besondere Weihnachtsmann -Taxi Auf dem Gel\u00e4nde an der&hellip;\n","protected":false},"author":2,"featured_media":605544,"comment_status":"","ping_status":"","sticky":false,"template":"","format":"standard","meta":{"footnotes":""},"categories":[1851],"tags":[2770,3364,29,548,663,3934,30,13,14,15,859,12,3866],"class_list":{"0":"post-605543","1":"post","2":"type-post","3":"status-publish","4":"format-standard","5":"has-post-thumbnail","7":"category-chemnitz","8":"tag-chemnitz","9":"tag-de","10":"tag-deutschland","11":"tag-eu","12":"tag-europa","13":"tag-europe","14":"tag-germany","15":"tag-headlines","16":"tag-nachrichten","17":"tag-news","18":"tag-sachsen","19":"tag-schlagzeilen","20":"tag-veranstaltungen"},"share_on_mastodon":{"url":"https:\/\/pubeurope.com\/@de\/115620509887879742","error":""},"_links":{"self":[{"href":"https:\/\/www.europesays.com\/de\/wp-json\/wp\/v2\/posts\/605543","targetHints":{"allow":["GET"]}}],"collection":[{"href":"https:\/\/www.europesays.com\/de\/wp-json\/wp\/v2\/posts"}],"about":[{"href":"https:\/\/www.europesays.com\/de\/wp-json\/wp\/v2\/types\/post"}],"author":[{"embeddable":true,"href":"https:\/\/www.europesays.com\/de\/wp-json\/wp\/v2\/users\/2"}],"replies":[{"embeddable":true,"href":"https:\/\/www.europesays.com\/de\/wp-json\/wp\/v2\/comments?post=605543"}],"version-history":[{"count":0,"href":"https:\/\/www.europesays.com\/de\/wp-json\/wp\/v2\/posts\/605543\/revisions"}],"wp:featuredmedia":[{"embeddable":true,"href":"https:\/\/www.europesays.com\/de\/wp-json\/wp\/v2\/media\/605544"}],"wp:attachment":[{"href":"https:\/\/www.europesays.com\/de\/wp-json\/wp\/v2\/media?parent=605543"}],"wp:term":[{"taxonomy":"category","embeddable":true,"href":"https:\/\/www.europesays.com\/de\/wp-json\/wp\/v2\/categories?post=605543"},{"taxonomy":"post_tag","embeddable":true,"href":"https:\/\/www.europesays.com\/de\/wp-json\/wp\/v2\/tags?post=605543"}],"curies":[{"name":"wp","href":"https:\/\/api.w.org\/{rel}","templated":true}]}}