{"id":605551,"date":"2025-11-27T07:38:11","date_gmt":"2025-11-27T07:38:11","guid":{"rendered":"https:\/\/www.europesays.com\/de\/605551\/"},"modified":"2025-11-27T07:38:11","modified_gmt":"2025-11-27T07:38:11","slug":"toetung-mit-38-messerstichen-in-park-urteil-erwartet","status":"publish","type":"post","link":"https:\/\/www.europesays.com\/de\/605551\/","title":{"rendered":"T\u00f6tung mit 38 Messerstichen in Park \u2013 Urteil erwartet"},"content":{"rendered":"<p>Rund sieben Monate nach der T\u00f6tung eines Mannes in einem Park in Mainz mit 38 Messerstichen wird vor dem Landgericht Mainz heute (ab 9.00 Uhr) das Urteil gegen den mutma\u00dflichen T\u00e4ter erwartet. Der Angeklagte soll am Ostersonntag einen zehn Jahre \u00e4lteren Mann mit einem Messer get\u00f6tet haben. Der Bluttat soll ein Streit zwischen zwei Gruppen vorausgegangen. Das Opfer erlitt Messerstiche in Kopf, Hals, Rumpf und R\u00fccken.\u00a0 <\/p>\n<p>Zu Prozessbeginn hatte die Verteidigerin eine Einlassung des Angeklagten verlesen. Demnach hatte seine Gruppe an dem Tag Wodka und Bier in dem Park getrunken. Nach dem Streit seien mehrere Mitglieder der anderen Gruppe \u2013 darunter das sp\u00e4tere Opfer \u2013 zur\u00fcckgekehrt und h\u00e4tten unter anderem mit einer Eisenstange angegriffen. An die eigentliche Tat k\u00f6nne sich der Angeklagte der Einlassung zufolge nicht erinnern. <\/p>\n","protected":false},"excerpt":{"rendered":"Rund sieben Monate nach der T\u00f6tung eines Mannes in einem Park in Mainz mit 38 Messerstichen wird vor&hellip;\n","protected":false},"author":2,"featured_media":605552,"comment_status":"","ping_status":"","sticky":false,"template":"","format":"standard","meta":{"footnotes":""},"categories":[1847],"tags":[3364,29,548,663,3934,30,13,2052,177,14,15,2283,1756,12,11747,4544],"class_list":{"0":"post-605551","1":"post","2":"type-post","3":"status-publish","4":"format-standard","5":"has-post-thumbnail","7":"category-wiesbaden","8":"tag-de","9":"tag-deutschland","10":"tag-eu","11":"tag-europa","12":"tag-europe","13":"tag-germany","14":"tag-headlines","15":"tag-hessen","16":"tag-kriminalitt","17":"tag-nachrichten","18":"tag-news","19":"tag-prozess-gericht","20":"tag-rheinland-pfalz","21":"tag-schlagzeilen","22":"tag-urteile","23":"tag-wiesbaden"},"share_on_mastodon":{"url":"https:\/\/pubeurope.com\/@de\/115620525120185873","error":""},"_links":{"self":[{"href":"https:\/\/www.europesays.com\/de\/wp-json\/wp\/v2\/posts\/605551","targetHints":{"allow":["GET"]}}],"collection":[{"href":"https:\/\/www.europesays.com\/de\/wp-json\/wp\/v2\/posts"}],"about":[{"href":"https:\/\/www.europesays.com\/de\/wp-json\/wp\/v2\/types\/post"}],"author":[{"embeddable":true,"href":"https:\/\/www.europesays.com\/de\/wp-json\/wp\/v2\/users\/2"}],"replies":[{"embeddable":true,"href":"https:\/\/www.europesays.com\/de\/wp-json\/wp\/v2\/comments?post=605551"}],"version-history":[{"count":0,"href":"https:\/\/www.europesays.com\/de\/wp-json\/wp\/v2\/posts\/605551\/revisions"}],"wp:featuredmedia":[{"embeddable":true,"href":"https:\/\/www.europesays.com\/de\/wp-json\/wp\/v2\/media\/605552"}],"wp:attachment":[{"href":"https:\/\/www.europesays.com\/de\/wp-json\/wp\/v2\/media?parent=605551"}],"wp:term":[{"taxonomy":"category","embeddable":true,"href":"https:\/\/www.europesays.com\/de\/wp-json\/wp\/v2\/categories?post=605551"},{"taxonomy":"post_tag","embeddable":true,"href":"https:\/\/www.europesays.com\/de\/wp-json\/wp\/v2\/tags?post=605551"}],"curies":[{"name":"wp","href":"https:\/\/api.w.org\/{rel}","templated":true}]}}