{"id":605593,"date":"2025-11-27T08:02:11","date_gmt":"2025-11-27T08:02:11","guid":{"rendered":"https:\/\/www.europesays.com\/de\/605593\/"},"modified":"2025-11-27T08:02:11","modified_gmt":"2025-11-27T08:02:11","slug":"einladung-zum-online-briefing-ein-jahr-nach-dem-machtwechsel-in-syrien-zwischen","status":"publish","type":"post","link":"https:\/\/www.europesays.com\/de\/605593\/","title":{"rendered":"Einladung zum Online-Briefing: Ein Jahr nach dem Machtwechsel in Syrien &#8211; &#8222;Zwischen &#8230;"},"content":{"rendered":"<p class=\"date\">27.11.2025 \u2013 08:43<\/p>\n<p class=\"customer\">\n                        <a class=\"story-customer\" title=\"weiter zum newsroom von Help - Hilfe zur Selbsthilfe e.V.\" href=\"https:\/\/www.presseportal.de\/nr\/15739\" target=\"_blank\" rel=\"noopener\">Help &#8211; Hilfe zur Selbsthilfe e.V.<\/a>\n                    <\/p>\n<p><a data-category=\"citylink-story-view\" data-action=\"click\" data-label=\"Citylink in Meldungsansicht\" class=\"story-city event-trigger\" href=\"https:\/\/www.presseportal.de\/regional\/Bonn\" title=\"News aus Bonn \" target=\"_blank\" rel=\"noopener\">Bonn<\/a> (ots)<\/p>\n<p><b>Ein Jahr nach dem Machtwechsel ist die humanit\u00e4re Lage in Syrien weiterhin angespannt, doch auch positive Ver\u00e4nderungen sind sp\u00fcrbar. Das best\u00e4tigt auch Dr. Thorsten Klose-Zuber, Help-Generalsekret\u00e4r, der erst vor drei Wochen von einer Dienstreise aus Syrien zur\u00fcckgekehrt ist. Im Online-Briefing, zu dem wir Sie gerne einladen, teilen er und Mirna Abboud, Landesdirektorin in Syrien bei Help &#8211; Hilfe zur Selbsthilfe, ihre frischen Eindr\u00fccke von vor Ort. Das Meeting findet auf Englisch statt. Gerne stehen Ihnen Frau Abboud (EN) und Herr Dr. Klose-Zuber (DE) auch au\u00dferhalb des Briefings f\u00fcr Interviewanfragen zur Verf\u00fcgung.<\/b><\/p>\n<p><b>Online-Medienbriefing: Humanit\u00e4re Lage in Syrien ein Jahr nach dem Machtwechsel (Englisch)<\/b><\/p>\n<p><b>Datum: Donnerstag, 04.12.2025<\/b><\/p>\n<p><b>Uhrzeit: 12.30-13.30 Uhr<\/b><\/p>\n<p><b>Link:  <a target=\"_blank\" class=\"uri-ext outbound\" rel=\"noopener\" href=\"https:\/\/teams.microsoft.com\/l\/meetup-join\/19%3Ameeting_YWZmOTExMjMtMTdiOS00MWQ4LWFkMTgtYzc3ZmYzMGIxNzBi%40thread.v2\/0?context=%7B%22Tid%22%3A%220e76c8c9-a231-4a7c-8538-53f8fc936b3e%22%2C%22Oid%22%3A%2258152aae-049e-4ce3-b754-4a10f4e9b1b5%22%7D\">Help-Online-Briefing<\/a><\/b><\/p>\n<p><b>Anmeldung unter: <\/b> <a target=\"_blank\" class=\"uri-ext outbound\" rel=\"noopener\" href=\"https:\/\/www.presseportal.de\/pm\/15739\/mailto:presse@help-ev.de\">presse@help-ev.de<\/a><\/p>\n<p> &#8222;Ein Jahr nach dem Machtwechsel ist die humanit\u00e4re Not in Syrien weiterhin gro\u00df. Wir erleben eine Stimmung zwischen Aufbruch und \u00dcberleben. Doch es gibt auch Anlass zur Hoffnung&#8220;, sagt Help-Generalsekret\u00e4r Dr. Thorsten Klose-Zuber, der vor drei Wochen aus Syrien zur\u00fcckgekehrt ist. <\/p>\n<p> &#8222;Nach wie vor sind 16,5 Millionen Menschen &#8211; mehr als 60 Prozent der Bev\u00f6lkerung in Syrien &#8211; auf humanit\u00e4re Hilfe angewiesen, weite Teile der Infrastruktur sind zerst\u00f6rt. Zugleich merkt man, dass es im Land voran geht und die Menschen eine friedliche Zukunft in Syrien f\u00fcr m\u00f6glich halten Um die Lage weiter zu st\u00fctzen, veranstalten Akteure der syrischen Zivilgesellschaft mit Unterst\u00fctzung von Help, kommende Woche, die erste syrische humanit\u00e4re Hilfe- und Wiederaufbau-Konferenz in Damaskus.&#8220; <\/p>\n<p> Die Hilfsorganisation Help &#8211; Hilfe zur Selbsthilfe leistet seit 2008 humanit\u00e4re Hilfe im Land. Neben der akuten Nothilfe fokussieren sich die Hilfsma\u00dfnahmen besonders auf die St\u00e4rkung des Gesundheitswesens. &#8222;Zusammen mit lokalen Hilfsorganisationen betreiben wir mehrere Gesundheitszentren im Land, etwa zur Erkennung und Behandlung von Mangelern\u00e4hrung bei Kindern. Zudem versorgen wir betroffene Familien mit Nahrungsmitteln und Hygiene-Paketen oder zielen auf die St\u00e4rkung klimaresistenter Landwirtschaft ab&#8220;, sagt Mirna Abboud, Help-Landesdirektorin in Syrien. <\/p>\n<p> &#8222;Die humanit\u00e4ren Bedarfe in Syrien sind nach wie vor gro\u00df und der Wiederaufbau im Land wird uns auf viele Jahre begleiten. Umso wichtiger ist es, den Menschen jetzt die n\u00f6tige Unterst\u00fctzung zukommen zu lassen, damit sie ihr Land selbst wieder aufbauen k\u00f6nnen und eine echte Perspektive vor Ort haben&#8220;, fordert Klose-Zuber. <\/p>\n<p><b>Im Rahmen eines Online-Medienbriefings stehen Ihnen Mirna Abboud und Dr. Thorsten Klose-Zuber am Donnerstag, 4. Dezember, um 12.30 Uhr f\u00fcr Fragen \u00fcber die humanit\u00e4re Lage in Syrien zur Verf\u00fcgung. Auf Anfrage sind auch Einzelinterviews m\u00f6glich. Bitte melden Sie sich unter  <a target=\"_blank\" class=\"uri-ext outbound\" rel=\"noopener\" href=\"https:\/\/www.presseportal.de\/pm\/15739\/mailto:presse@help-ev.de\">presse@help-ev.de<\/a> oder telefonisch via 0173 2790 438\/ 0173 710 7454 f\u00fcr das Briefing an.<\/b><\/p>\n<p> Mehr Infos zu dem Engagement von Help in Syrien finden Sie  <a target=\"_blank\" class=\"uri-ext outbound\" rel=\"noopener\" href=\"https:\/\/www.help-ev.de\/spenden-syrien\/\">hier<\/a>. <\/p>\n<p class=\"contact-headline\">Pressekontakt:<\/p>\n<p class=\"contact-text\">Help &#8211; Hilfe zur Selbsthilfe<br \/>Help-Presseteam<br \/>Presseabteilung<\/p>\n<p>Adenauerallee 131a<br \/>53113 Bonn<br \/>Mobil: +49 (0) 173 2790 438\/ +49 (0) 173 710 74 54<br \/>E-Mail: <a href=\"https:\/\/www.presseportal.de\/pm\/15739\/mailto: presse@help-ev.de\" class=\"uri-mailto\" target=\"_blank\" rel=\"noopener\"> presse@help-ev.de<\/a> <br \/><a target=\"_blank\" class=\"uri-ext outbound\" rel=\"noopener\" href=\"https:\/\/www.help-ev.de\">www.help-ev.de<\/a><\/p>\n<p class=\"originator\">Original-Content von: Help &#8211; Hilfe zur Selbsthilfe e.V., \u00fcbermittelt durch news aktuell<\/p>\n","protected":false},"excerpt":{"rendered":"27.11.2025 \u2013 08:43 Help &#8211; Hilfe zur Selbsthilfe e.V. Bonn (ots) Ein Jahr nach dem Machtwechsel ist die&hellip;\n","protected":false},"author":2,"featured_media":386213,"comment_status":"","ping_status":"","sticky":false,"template":"","format":"standard","meta":{"footnotes":""},"categories":[1842],"tags":[1741,3364,29,70051,30,27,1209,144292,178,180,179,181,58],"class_list":{"0":"post-605593","1":"post","2":"type-post","3":"status-publish","4":"format-standard","5":"has-post-thumbnail","7":"category-bonn","8":"tag-bonn","9":"tag-de","10":"tag-deutschland","11":"tag-einladung","12":"tag-germany","13":"tag-hilfsorganisation","14":"tag-nordrhein-westfalen","15":"tag-online-briefing","16":"tag-presse","17":"tag-pressemeldung","18":"tag-pressemitteilung","19":"tag-pressemitteilungen","20":"tag-syrien"},"share_on_mastodon":{"url":"https:\/\/pubeurope.com\/@de\/115620619578777585","error":""},"_links":{"self":[{"href":"https:\/\/www.europesays.com\/de\/wp-json\/wp\/v2\/posts\/605593","targetHints":{"allow":["GET"]}}],"collection":[{"href":"https:\/\/www.europesays.com\/de\/wp-json\/wp\/v2\/posts"}],"about":[{"href":"https:\/\/www.europesays.com\/de\/wp-json\/wp\/v2\/types\/post"}],"author":[{"embeddable":true,"href":"https:\/\/www.europesays.com\/de\/wp-json\/wp\/v2\/users\/2"}],"replies":[{"embeddable":true,"href":"https:\/\/www.europesays.com\/de\/wp-json\/wp\/v2\/comments?post=605593"}],"version-history":[{"count":0,"href":"https:\/\/www.europesays.com\/de\/wp-json\/wp\/v2\/posts\/605593\/revisions"}],"wp:featuredmedia":[{"embeddable":true,"href":"https:\/\/www.europesays.com\/de\/wp-json\/wp\/v2\/media\/386213"}],"wp:attachment":[{"href":"https:\/\/www.europesays.com\/de\/wp-json\/wp\/v2\/media?parent=605593"}],"wp:term":[{"taxonomy":"category","embeddable":true,"href":"https:\/\/www.europesays.com\/de\/wp-json\/wp\/v2\/categories?post=605593"},{"taxonomy":"post_tag","embeddable":true,"href":"https:\/\/www.europesays.com\/de\/wp-json\/wp\/v2\/tags?post=605593"}],"curies":[{"name":"wp","href":"https:\/\/api.w.org\/{rel}","templated":true}]}}