{"id":605594,"date":"2025-11-27T08:03:16","date_gmt":"2025-11-27T08:03:16","guid":{"rendered":"https:\/\/www.europesays.com\/de\/605594\/"},"modified":"2025-11-27T08:03:16","modified_gmt":"2025-11-27T08:03:16","slug":"sterntaler-bonn-hilft-seit-30-jahren","status":"publish","type":"post","link":"https:\/\/www.europesays.com\/de\/605594\/","title":{"rendered":"Sterntaler Bonn hilft seit 30 Jahren"},"content":{"rendered":"<p>          Bill Mockridge ist Schirmherr von Sterntaler Bonn        \u201eIch kehre lieber vor der eigenen Haust\u00fcr\u201c<\/p>\n<p class=\"text-50 desktop:text-70 park-container-small px-6 mb-10 desktop:mb-14\">Bonn \u00b7 <strong data-cy=\"intro\" data-readtime-content=\"\">Der Verein Sterntaler Bonn wurde vor 30 Jahren gegr\u00fcndet, um benachteiligten Jungen und M\u00e4dchen zu helfen. Die Aktiven Doris Meyer, Gerda Pleuger und Bill Mockridge blicken zur\u00fcck auf die Anf\u00e4nge \u2013 und ihre ganz pers\u00f6nlichen Motive.<\/strong><\/p>\n<p>                <img class=\"absolute inset-0 w-full h-full object-cover aspect-[16\/10] opacity-0 transition-opacity animated\" onload=\"this.style.opacity = '1';\" src=\"https:\/\/www.europesays.com\/de\/wp-content\/uploads\/2025\/11\/w2100_h1313_x2600_y1730_0_Sterntaler_Bonn_e-V_10_Jahre-f01e5f5be4a60753.jpg\"  alt=\"R\u00fcckblick: Bill Mockridge, Doris Meyer sowie die Gr\u00fcndungsmitglieder Gerda Pleuger und Karin Ahrens (Mitte von links) feierten mit Kindern und Betreuern der Kita Siemensstra\u00dfe auch schon zehn Jahre Sterntaler Bonn und freuten sich damals \u00fcber das gestiftete Kanu.\" fetchpriority=\"high\" decoding=\"async\" data-park-image-img=\"\"\/><\/p>\n","protected":false},"excerpt":{"rendered":"Bill Mockridge ist Schirmherr von Sterntaler Bonn \u201eIch kehre lieber vor der eigenen Haust\u00fcr\u201c Bonn \u00b7 Der Verein&hellip;\n","protected":false},"author":2,"featured_media":605595,"comment_status":"","ping_status":"","sticky":false,"template":"","format":"standard","meta":{"footnotes":""},"categories":[1842],"tags":[1741,3364,29,30,1209],"class_list":{"0":"post-605594","1":"post","2":"type-post","3":"status-publish","4":"format-standard","5":"has-post-thumbnail","7":"category-bonn","8":"tag-bonn","9":"tag-de","10":"tag-deutschland","11":"tag-germany","12":"tag-nordrhein-westfalen"},"share_on_mastodon":{"url":"https:\/\/pubeurope.com\/@de\/115620624556943054","error":""},"_links":{"self":[{"href":"https:\/\/www.europesays.com\/de\/wp-json\/wp\/v2\/posts\/605594","targetHints":{"allow":["GET"]}}],"collection":[{"href":"https:\/\/www.europesays.com\/de\/wp-json\/wp\/v2\/posts"}],"about":[{"href":"https:\/\/www.europesays.com\/de\/wp-json\/wp\/v2\/types\/post"}],"author":[{"embeddable":true,"href":"https:\/\/www.europesays.com\/de\/wp-json\/wp\/v2\/users\/2"}],"replies":[{"embeddable":true,"href":"https:\/\/www.europesays.com\/de\/wp-json\/wp\/v2\/comments?post=605594"}],"version-history":[{"count":0,"href":"https:\/\/www.europesays.com\/de\/wp-json\/wp\/v2\/posts\/605594\/revisions"}],"wp:featuredmedia":[{"embeddable":true,"href":"https:\/\/www.europesays.com\/de\/wp-json\/wp\/v2\/media\/605595"}],"wp:attachment":[{"href":"https:\/\/www.europesays.com\/de\/wp-json\/wp\/v2\/media?parent=605594"}],"wp:term":[{"taxonomy":"category","embeddable":true,"href":"https:\/\/www.europesays.com\/de\/wp-json\/wp\/v2\/categories?post=605594"},{"taxonomy":"post_tag","embeddable":true,"href":"https:\/\/www.europesays.com\/de\/wp-json\/wp\/v2\/tags?post=605594"}],"curies":[{"name":"wp","href":"https:\/\/api.w.org\/{rel}","templated":true}]}}