{"id":605918,"date":"2025-11-27T11:12:22","date_gmt":"2025-11-27T11:12:22","guid":{"rendered":"https:\/\/www.europesays.com\/de\/605918\/"},"modified":"2025-11-27T11:12:22","modified_gmt":"2025-11-27T11:12:22","slug":"antrag-soll-duesseldorfer-strasse-sicherer-machen","status":"publish","type":"post","link":"https:\/\/www.europesays.com\/de\/605918\/","title":{"rendered":"Antrag soll D\u00fcsseldorfer Stra\u00dfe sicherer machen"},"content":{"rendered":"<p class=\"text_ohne_einzug richtext text-em-55 !leading-serif mx-6 desktop:mx-0\"> Zur Situation der Fahrradfahrenden auf der D\u00fcsseldorfer Stra\u00dfe stellt die Ratsgruppe <a href=\"https:\/\/rp-online.de\/thema\/die-linke\/\" rel=\"nofollow noopener\" target=\"_blank\">Die Linke<\/a> einen erg\u00e4nzenden Antrag. \u201eWir unterst\u00fctzen den Antrag der <a href=\"https:\/\/rp-online.de\/thema\/spd\/\" rel=\"nofollow noopener\" target=\"_blank\">SPD<\/a> bez\u00fcglich der Sicherheit f\u00fcr Fahrradfahrer auf der D\u00fcsseldorfer Stra\u00dfe, wobei er nur einen Teil des Problems thematisiert\u201c, erkl\u00e4rt Manfred Evers, Gruppensprecher Die Linke. Der Antrag der Linken bezieht sich auf das verbotswidrige Parken auf dem B\u00fcrgersteig zwischen Einm\u00fcndung D\u00fcrerring in die D\u00fcsseldorfer Stra\u00dfe. \u201eDer Fahrradweg verl\u00e4uft stadteinw\u00e4rts auf der Stra\u00dfe. Und hier hat es schon \u00f6fters brenzlige Situationen und Beinahe-Unf\u00e4lle gegeben, wenn Fahrert\u00fcren ge\u00f6ffnet wurden und Radfahrer sich n\u00e4herten\u201c, so Evers. Selbst wenn der ge\u00f6ffneten T\u00fcr ausgewichen werden kann, besteht dadurch die Gefahr eines Unfalls mit einem auf der Stra\u00dfe fahrenden Auto. Des Weiteren unterliege die SPD einem Denkfehler. Radfahrer d\u00fcrfen ab Einm\u00fcndung Stadionring in die D\u00fcsseldorfer Stra\u00dfe stadteinw\u00e4rts den markierten Radweg stadtausw\u00e4rts nicht befahren. Da ab dort ein Fahrradweg auf der Stra\u00dfe markiert ist, muss dieser benutzt werden. \u201eAufgrund der Gefahrenquelle durch verbotswidrig parkende Autos auf dem B\u00fcrgersteig wird dies aber unterlassen\u201c vermutet Evers. Daher fordert Die Linke, das illegale Parken auf beiden Seiten der D\u00fcsseldorfer Stra\u00dfe zu unterbinden.<\/p>\n","protected":false},"excerpt":{"rendered":"Zur Situation der Fahrradfahrenden auf der D\u00fcsseldorfer Stra\u00dfe stellt die Ratsgruppe Die Linke einen erg\u00e4nzenden Antrag. \u201eWir unterst\u00fctzen&hellip;\n","protected":false},"author":2,"featured_media":605919,"comment_status":"","ping_status":"","sticky":false,"template":"","format":"standard","meta":{"footnotes":"","_share_on_mastodon":"0"},"categories":[1831],"tags":[46389,3364,29,3405,30,1209,65984,2465,10078],"class_list":["post-605918","post","type-post","status-publish","format-standard","has-post-thumbnail","category-duesseldorf","tag-behindern","tag-de","tag-deutschland","tag-duesseldorf","tag-germany","tag-nordrhein-westfalen","tag-parker","tag-radfahrer","tag-ratingen"],"share_on_mastodon":{"url":"https:\/\/pubeurope.com\/@de\/115621366753561085","error":""},"_links":{"self":[{"href":"https:\/\/www.europesays.com\/de\/wp-json\/wp\/v2\/posts\/605918","targetHints":{"allow":["GET"]}}],"collection":[{"href":"https:\/\/www.europesays.com\/de\/wp-json\/wp\/v2\/posts"}],"about":[{"href":"https:\/\/www.europesays.com\/de\/wp-json\/wp\/v2\/types\/post"}],"author":[{"embeddable":true,"href":"https:\/\/www.europesays.com\/de\/wp-json\/wp\/v2\/users\/2"}],"replies":[{"embeddable":true,"href":"https:\/\/www.europesays.com\/de\/wp-json\/wp\/v2\/comments?post=605918"}],"version-history":[{"count":0,"href":"https:\/\/www.europesays.com\/de\/wp-json\/wp\/v2\/posts\/605918\/revisions"}],"wp:featuredmedia":[{"embeddable":true,"href":"https:\/\/www.europesays.com\/de\/wp-json\/wp\/v2\/media\/605919"}],"wp:attachment":[{"href":"https:\/\/www.europesays.com\/de\/wp-json\/wp\/v2\/media?parent=605918"}],"wp:term":[{"taxonomy":"category","embeddable":true,"href":"https:\/\/www.europesays.com\/de\/wp-json\/wp\/v2\/categories?post=605918"},{"taxonomy":"post_tag","embeddable":true,"href":"https:\/\/www.europesays.com\/de\/wp-json\/wp\/v2\/tags?post=605918"}],"curies":[{"name":"wp","href":"https:\/\/api.w.org\/{rel}","templated":true}]}}