{"id":605999,"date":"2025-11-27T11:56:15","date_gmt":"2025-11-27T11:56:15","guid":{"rendered":"https:\/\/www.europesays.com\/de\/605999\/"},"modified":"2025-11-27T11:56:15","modified_gmt":"2025-11-27T11:56:15","slug":"challenge-erfuellt-kita-verbreitet-weihnachtsstimmung","status":"publish","type":"post","link":"https:\/\/www.europesays.com\/de\/605999\/","title":{"rendered":"Challenge erf\u00fcllt: Kita verbreitet Weihnachtsstimmung"},"content":{"rendered":"<p class=\"small date article__date\">Ver\u00f6ffentlicht:\u00a0Donnerstag, 27.11.2025 12:50<\/p>\n<p>In 45 Minuten 50 Waffeln f\u00fcr Passanten backen? Kein Problem f\u00fcr die Kita Bullerb\u00fc im S\u00fcdviertel. Die 4. Challenge bei unserer Aktion &#8222;Cash&#8220; f\u00fcr den Club ist gemeistert.<\/p>\n<p><img decoding=\"async\" alt=\"\" src=\"https:\/\/www.europesays.com\/de\/wp-content\/uploads\/2025\/11\/cfdc_waffel-challenge_2.jpg&#038;crop=0x113x1600x1000&#038;resize=1280x800&#038;dt=202511271236010.jpeg\" data-size=\"1280x800\"\/>\u00a9 ANTENNE M\u00dcNSTER\/Dirk Felder<\/p>\n<p>1.000 Euro hat sich die Kita Bullerb\u00fc und der dazugeh\u00f6rige Elternverein &#8222;Die Kr\u00fcmelmonster&#8220; bei unserer Aktion &#8222;Cash f\u00fcr den Club&#8220; gesichert. Und wie! Innerhalb von 24 Stunden haben die Kita-Kinder und -Eltern, sowie die Erzieherinnen und Erzieher der Kita ein richtiges Weihnachts-Event auf die Beine gestellt. In einer &#8211; von einer gegen\u00fcberliegenden Gastronomie zur Verf\u00fcgung gestellten &#8211; Holzh\u00fctte, wurden auf vier Waffeleisen die Waffeln gebacken. Und anschlie\u00dfend an Eltern und Passanten auf vor der St. Josephs-Kirche verteilt.<\/p>\n<p><a href=\"https:\/\/www.antennemuenster.de\/externalimages\/?source=jpg818\/cfdc_waffeln-for-free.jpg&amp;dt=202511271214490&amp;resize=960x1280\" data-caption=\"Vor der Josephs-Kirche an der Hammer Str. wurde auch kr\u00e4ftig f\u00fcr die Aktion geworben.\" itemprop=\"contentUrl\" data-size=\"960x1280\" rel=\"nofollow noopener\" target=\"_blank\"><img decoding=\"async\" alt=\"\" src=\"https:\/\/www.europesays.com\/de\/wp-content\/uploads\/2025\/11\/cfdc_waffeln-for-free.jpg&#038;crop=0x476x1440x900&#038;resize=1280x800&#038;dt=202511271214490.jpeg\" data-size=\"1280x800\"\/><\/a>Vor der Josephs-Kirche an der Hammer Str. wurde auch kr\u00e4ftig f\u00fcr die Aktion geworben.\u00a9 ANTENNE M\u00dcNSTER<\/p>\n<p>Vor der Josephs-Kirche an der Hammer Str. wurde auch kr\u00e4ftig f\u00fcr die Aktion geworben.<\/p>\n<p>\u00a9 ANTENNE M\u00dcNSTER<\/p>\n<p>Kita-Leiterin Carina Laibach hatte sich am &#8222;Cash-f\u00fcr-den-Club&#8220;-Mittwoch innerhalb von 15 Minuten bei uns gemeldet, nachdem sie den Namen ihrer Kita im Radio geh\u00f6rt hatte. Da waren der Kita Bullerb\u00fc schon 500 Euro sicher. Die anschlie\u00dfende Challenge vor der Kita auf dem Kirchplatz meisterten die vielen Helferinnen und Helfer mit Bravour. Die 50 n\u00f6tigen Waffeln waren innerhalb einer halben Stunde gebacken, am Ende wurden sogar mehr als 100 Waffeln verteilt. Wir sagen &#8222;Hut ab!&#8220;, ihr habt das sensationell gemacht!<\/p>\n<p><a href=\"https:\/\/www.antennemuenster.de\/externalimages\/?source=jpg818\/cfdc_waffel-challenge.jpg&amp;dt=202511271236570&amp;resize=960x1280\" data-caption=\"Gro\u00dfer Andrang vor der Waffelbude\" itemprop=\"contentUrl\" data-size=\"960x1280\" rel=\"nofollow noopener\" target=\"_blank\"><img decoding=\"async\" alt=\"\" src=\"https:\/\/www.europesays.com\/de\/wp-content\/uploads\/2025\/11\/cfdc_waffel-challenge.jpg&#038;crop=0x485x1440x900&#038;resize=1280x800&#038;dt=202511271236570.jpeg\" data-size=\"1280x800\"\/><\/a>Gro\u00dfer Andrang vor der Waffelbude\u00a9 ANTENNE M\u00dcNSTER<\/p>\n<p>Gro\u00dfer Andrang vor der Waffelbude<\/p>\n<p>\u00a9 ANTENNE M\u00dcNSTER<\/p>\n","protected":false},"excerpt":{"rendered":"Ver\u00f6ffentlicht:\u00a0Donnerstag, 27.11.2025 12:50 In 45 Minuten 50 Waffeln f\u00fcr Passanten backen? Kein Problem f\u00fcr die Kita Bullerb\u00fc im&hellip;\n","protected":false},"author":2,"featured_media":606000,"comment_status":"","ping_status":"","sticky":false,"template":"","format":"standard","meta":{"footnotes":""},"categories":[1843],"tags":[134559,3364,29,30,8970,1209],"class_list":{"0":"post-605999","1":"post","2":"type-post","3":"status-publish","4":"format-standard","5":"has-post-thumbnail","7":"category-muenster","8":"tag-cash-fr-den-club","9":"tag-de","10":"tag-deutschland","11":"tag-germany","12":"tag-muenster","13":"tag-nordrhein-westfalen"},"share_on_mastodon":{"url":"https:\/\/pubeurope.com\/@de\/115621540664343708","error":""},"_links":{"self":[{"href":"https:\/\/www.europesays.com\/de\/wp-json\/wp\/v2\/posts\/605999","targetHints":{"allow":["GET"]}}],"collection":[{"href":"https:\/\/www.europesays.com\/de\/wp-json\/wp\/v2\/posts"}],"about":[{"href":"https:\/\/www.europesays.com\/de\/wp-json\/wp\/v2\/types\/post"}],"author":[{"embeddable":true,"href":"https:\/\/www.europesays.com\/de\/wp-json\/wp\/v2\/users\/2"}],"replies":[{"embeddable":true,"href":"https:\/\/www.europesays.com\/de\/wp-json\/wp\/v2\/comments?post=605999"}],"version-history":[{"count":0,"href":"https:\/\/www.europesays.com\/de\/wp-json\/wp\/v2\/posts\/605999\/revisions"}],"wp:featuredmedia":[{"embeddable":true,"href":"https:\/\/www.europesays.com\/de\/wp-json\/wp\/v2\/media\/606000"}],"wp:attachment":[{"href":"https:\/\/www.europesays.com\/de\/wp-json\/wp\/v2\/media?parent=605999"}],"wp:term":[{"taxonomy":"category","embeddable":true,"href":"https:\/\/www.europesays.com\/de\/wp-json\/wp\/v2\/categories?post=605999"},{"taxonomy":"post_tag","embeddable":true,"href":"https:\/\/www.europesays.com\/de\/wp-json\/wp\/v2\/tags?post=605999"}],"curies":[{"name":"wp","href":"https:\/\/api.w.org\/{rel}","templated":true}]}}