{"id":606208,"date":"2025-11-27T13:57:11","date_gmt":"2025-11-27T13:57:11","guid":{"rendered":"https:\/\/www.europesays.com\/de\/606208\/"},"modified":"2025-11-27T13:57:11","modified_gmt":"2025-11-27T13:57:11","slug":"borussia-dortmund-ii-sc-wiedenbrueck-2000-erfuellt-dortmund-ii-die-erwartungen-regionalliga-west","status":"publish","type":"post","link":"https:\/\/www.europesays.com\/de\/606208\/","title":{"rendered":"Borussia Dortmund II &#8211; SC Wiedenbr\u00fcck 2000: Erf\u00fcllt Dortmund II die Erwartungen? &#8211; Regionalliga West"},"content":{"rendered":"<p>Wiedenbr\u00fcck konnte in den letzten drei Spielen nicht punkten. Mit der Zweitvertretung des BVB wartet am Sonntag auch noch ein starker Gegner.<\/p>\n<p class=\"is-first-paragraph\" data-external=\"Article.FirstParagraph\">Am letzten Samstag holte Borussia Dortmund II drei Punkte gegen den 1. FC K\u00f6ln II (5:3). Die zehnte Saisonniederlage setzte es am letzten Spieltag f\u00fcr den SCW gegen die SSVg Velbert.<\/p>\n<p>Mit 28 Punkten auf der Habenseite steht Dortmund II derzeit auf dem sechsten Rang. F\u00fcr hohen Unterhaltungswert war in den bisherigen Spielen der Gastgeber stets gesorgt, mehr Tore als der BVB (39) markierte n\u00e4mlich niemand in der Regionalliga West. Borussia Dortmund II f\u00f6rderte aus den bisherigen Spielen acht Siege, vier Remis und vier Pleiten zutage.<\/p>\n<p>Auf fremden Pl\u00e4tzen l\u00e4uft es f\u00fcr den SC Wiedenbr\u00fcck 2000 bis dato bescheiden \u2013 die Ausbeute beschr\u00e4nkt sich auf einen mageren Z\u00e4hler. Mit lediglich elf Z\u00e4hlern aus 15 Partien stehen die G\u00e4ste auf einem Abstiegsplatz.<\/p>\n<p>Von der Offensive von Dortmund II geht immense Gefahr aus. Mehr als zweimal pro Partie bef\u00f6rdert der Angriff den Ball im Schnitt \u00fcber die Linie. Die letzten drei Spiele alle verloren: Wiedenbr\u00fcck braucht unbedingt wieder ein Erfolgserlebnis. Ob das gegen den BVB gelingt, ist zu bezweifeln, siegte Borussia Dortmund II immerhin viermal in den letzten f\u00fcnf Spielen.<\/p>\n<p>Der SCW muss einen Gala-Tag erwischen, um gegen Dortmund II etwas auszurichten. Angesichts der gegnerischen Formst\u00e4rke und der Tabellenposition ist der SC Wiedenbr\u00fcck 2000 lediglich der Herausforderer.<\/p>\n<p><b>Dieser Artikel wurde automatisch von unserem Partner Retresco anhand von Spieldaten erstellt.<\/b><\/p>\n<p>FUSSBALL.DE<\/p>\n","protected":false},"excerpt":{"rendered":"Wiedenbr\u00fcck konnte in den letzten drei Spielen nicht punkten. Mit der Zweitvertretung des BVB wartet am Sonntag auch&hellip;\n","protected":false},"author":2,"featured_media":606209,"comment_status":"","ping_status":"","sticky":false,"template":"","format":"standard","meta":{"footnotes":""},"categories":[1833],"tags":[3364,29,217,30,1209,3694],"class_list":{"0":"post-606208","1":"post","2":"type-post","3":"status-publish","4":"format-standard","5":"has-post-thumbnail","7":"category-dortmund","8":"tag-de","9":"tag-deutschland","10":"tag-dortmund","11":"tag-germany","12":"tag-nordrhein-westfalen","13":"tag-textengine"},"share_on_mastodon":{"url":"https:\/\/pubeurope.com\/@de\/115622015438706515","error":""},"_links":{"self":[{"href":"https:\/\/www.europesays.com\/de\/wp-json\/wp\/v2\/posts\/606208","targetHints":{"allow":["GET"]}}],"collection":[{"href":"https:\/\/www.europesays.com\/de\/wp-json\/wp\/v2\/posts"}],"about":[{"href":"https:\/\/www.europesays.com\/de\/wp-json\/wp\/v2\/types\/post"}],"author":[{"embeddable":true,"href":"https:\/\/www.europesays.com\/de\/wp-json\/wp\/v2\/users\/2"}],"replies":[{"embeddable":true,"href":"https:\/\/www.europesays.com\/de\/wp-json\/wp\/v2\/comments?post=606208"}],"version-history":[{"count":0,"href":"https:\/\/www.europesays.com\/de\/wp-json\/wp\/v2\/posts\/606208\/revisions"}],"wp:featuredmedia":[{"embeddable":true,"href":"https:\/\/www.europesays.com\/de\/wp-json\/wp\/v2\/media\/606209"}],"wp:attachment":[{"href":"https:\/\/www.europesays.com\/de\/wp-json\/wp\/v2\/media?parent=606208"}],"wp:term":[{"taxonomy":"category","embeddable":true,"href":"https:\/\/www.europesays.com\/de\/wp-json\/wp\/v2\/categories?post=606208"},{"taxonomy":"post_tag","embeddable":true,"href":"https:\/\/www.europesays.com\/de\/wp-json\/wp\/v2\/tags?post=606208"}],"curies":[{"name":"wp","href":"https:\/\/api.w.org\/{rel}","templated":true}]}}