{"id":606212,"date":"2025-11-27T13:59:21","date_gmt":"2025-11-27T13:59:21","guid":{"rendered":"https:\/\/www.europesays.com\/de\/606212\/"},"modified":"2025-11-27T13:59:21","modified_gmt":"2025-11-27T13:59:21","slug":"kampf-gegen-antisemitismus-auszeichnung-fuer-die-bsg-chemie-leipzig","status":"publish","type":"post","link":"https:\/\/www.europesays.com\/de\/606212\/","title":{"rendered":"Kampf gegen Antisemitismus: Auszeichnung f\u00fcr die BSG Chemie Leipzig"},"content":{"rendered":"<p class=\"text\">\nSie w\u00fcrdigte Verein und Fans als &#8222;kraftvolles Beispiel f\u00fcr aktive Erinnerungskultur und gelebte Verantwortung im Sport&#8220; und bescheinigt ihnen eine &#8222;Leuchtturmfunktion weit \u00fcber den Fu\u00dfball hinaus&#8220;. Chemie-Vorstand Bastian Pauly erkl\u00e4rte am Rande der Preisverleihung: &#8222;Diese Auszeichnung best\u00e4rkt uns, den eingeschlagenen Weg konsequent fortzusetzen und in unserer Stadt und dar\u00fcber hinaus mit \u00dcberzeugung f\u00fcr demokratische Werte einzutreten. Wir dulden keinen Antisemitismus und bekennen uns klar dazu, unsere gesellschaftliche Verantwortung auch jenseits des Stadions aktiv wahrzunehmen.&#8220;\n<\/p>\n<p class=\"text\">\nZum f\u00fcnften Mal waren am Dienstag (25.1122025) durch das European Leadership Network die ELNET Awards vergeben worden. Verliehen wurden die ELNET Awards in den Kategorien Kultur, Medien und Sport, jeweils verbunden mit einem Preisgeld von 5.000 Euro. Zus\u00e4tzlich wurde ein Ehrenpreis f\u00fcr herausragendes Engagement nach den Terrorangriffen vom 7. Oktober 2023 vergeben. &#8222;Wenn wir Antisemitismus bek\u00e4mpfen, verteidigen wir nicht nur j\u00fcdisches Leben in unserem Land. Wir verteidigen unser Menschsein in einer freien Gesellschaft&#8220;, erkl\u00e4rt der fr\u00fchere Bundespr\u00e4sident Joachim Gauck in seiner Festrede.<\/p>\n","protected":false},"excerpt":{"rendered":"Sie w\u00fcrdigte Verein und Fans als &#8222;kraftvolles Beispiel f\u00fcr aktive Erinnerungskultur und gelebte Verantwortung im Sport&#8220; und bescheinigt&hellip;\n","protected":false},"author":2,"featured_media":606213,"comment_status":"","ping_status":"","sticky":false,"template":"","format":"standard","meta":{"footnotes":"","_share_on_mastodon":"0"},"categories":[1832],"tags":[712,8034,3364,29,144468,347,30,31653,71,81,1532,3459,859,3499,265,3498],"class_list":["post-606212","post","type-post","status-publish","format-standard","has-post-thumbnail","category-leipzig","tag-antisemitismus","tag-bsg-chemie-leipzig","tag-de","tag-deutschland","tag-elnet-award","tag-fussball","tag-germany","tag-joachim-gauck","tag-leipzig","tag-mdr","tag-nancy-faeser","tag-regionalliga","tag-sachsen","tag-spio","tag-sport","tag-sport-im-osten"],"share_on_mastodon":{"url":"https:\/\/pubeurope.com\/@de\/115622023347387216","error":""},"_links":{"self":[{"href":"https:\/\/www.europesays.com\/de\/wp-json\/wp\/v2\/posts\/606212","targetHints":{"allow":["GET"]}}],"collection":[{"href":"https:\/\/www.europesays.com\/de\/wp-json\/wp\/v2\/posts"}],"about":[{"href":"https:\/\/www.europesays.com\/de\/wp-json\/wp\/v2\/types\/post"}],"author":[{"embeddable":true,"href":"https:\/\/www.europesays.com\/de\/wp-json\/wp\/v2\/users\/2"}],"replies":[{"embeddable":true,"href":"https:\/\/www.europesays.com\/de\/wp-json\/wp\/v2\/comments?post=606212"}],"version-history":[{"count":0,"href":"https:\/\/www.europesays.com\/de\/wp-json\/wp\/v2\/posts\/606212\/revisions"}],"wp:featuredmedia":[{"embeddable":true,"href":"https:\/\/www.europesays.com\/de\/wp-json\/wp\/v2\/media\/606213"}],"wp:attachment":[{"href":"https:\/\/www.europesays.com\/de\/wp-json\/wp\/v2\/media?parent=606212"}],"wp:term":[{"taxonomy":"category","embeddable":true,"href":"https:\/\/www.europesays.com\/de\/wp-json\/wp\/v2\/categories?post=606212"},{"taxonomy":"post_tag","embeddable":true,"href":"https:\/\/www.europesays.com\/de\/wp-json\/wp\/v2\/tags?post=606212"}],"curies":[{"name":"wp","href":"https:\/\/api.w.org\/{rel}","templated":true}]}}