{"id":606214,"date":"2025-11-27T14:00:12","date_gmt":"2025-11-27T14:00:12","guid":{"rendered":"https:\/\/www.europesays.com\/de\/606214\/"},"modified":"2025-11-27T14:00:12","modified_gmt":"2025-11-27T14:00:12","slug":"mann-soll-mit-kokainhandel-millionen-verdient-haben","status":"publish","type":"post","link":"https:\/\/www.europesays.com\/de\/606214\/","title":{"rendered":"Mann soll mit Kokainhandel Millionen verdient haben"},"content":{"rendered":"<p class=\"text_ohne_einzug richtext text-em-55 !leading-serif mx-6 desktop:mx-0\">\u00dcber Jahre sollen drei M\u00e4nner mit Kokain gehandelt und damit teilweise Millionen verdient haben, jetzt stehen sie in D\u00fcsseldorf vor Gericht. Die Anklageschrift listet mehr als ein Dutzend F\u00e4lle zwischen Dezember 2019 und Januar 2025 auf, der 36-j\u00e4hrige Hauptangeklagte soll damit ein Verm\u00f6gen von rund zehn Millionen Euro erwirtschaftet haben.<\/p>\n","protected":false},"excerpt":{"rendered":"\u00dcber Jahre sollen drei M\u00e4nner mit Kokain gehandelt und damit teilweise Millionen verdient haben, jetzt stehen sie in&hellip;\n","protected":false},"author":2,"featured_media":606215,"comment_status":"","ping_status":"","sticky":false,"template":"","format":"standard","meta":{"footnotes":""},"categories":[1831],"tags":[3364,29,3405,2690,30,18273,144469,1209,1269,9440],"class_list":{"0":"post-606214","1":"post","2":"type-post","3":"status-publish","4":"format-standard","5":"has-post-thumbnail","7":"category-duesseldorf","8":"tag-de","9":"tag-deutschland","10":"tag-duesseldorf","11":"tag-gericht","12":"tag-germany","13":"tag-jaehriger","14":"tag-kokaindealer","15":"tag-nordrhein-westfalen","16":"tag-prozess","17":"tag-verdient"},"share_on_mastodon":{"url":"https:\/\/pubeurope.com\/@de\/115622027140872789","error":""},"_links":{"self":[{"href":"https:\/\/www.europesays.com\/de\/wp-json\/wp\/v2\/posts\/606214","targetHints":{"allow":["GET"]}}],"collection":[{"href":"https:\/\/www.europesays.com\/de\/wp-json\/wp\/v2\/posts"}],"about":[{"href":"https:\/\/www.europesays.com\/de\/wp-json\/wp\/v2\/types\/post"}],"author":[{"embeddable":true,"href":"https:\/\/www.europesays.com\/de\/wp-json\/wp\/v2\/users\/2"}],"replies":[{"embeddable":true,"href":"https:\/\/www.europesays.com\/de\/wp-json\/wp\/v2\/comments?post=606214"}],"version-history":[{"count":0,"href":"https:\/\/www.europesays.com\/de\/wp-json\/wp\/v2\/posts\/606214\/revisions"}],"wp:featuredmedia":[{"embeddable":true,"href":"https:\/\/www.europesays.com\/de\/wp-json\/wp\/v2\/media\/606215"}],"wp:attachment":[{"href":"https:\/\/www.europesays.com\/de\/wp-json\/wp\/v2\/media?parent=606214"}],"wp:term":[{"taxonomy":"category","embeddable":true,"href":"https:\/\/www.europesays.com\/de\/wp-json\/wp\/v2\/categories?post=606214"},{"taxonomy":"post_tag","embeddable":true,"href":"https:\/\/www.europesays.com\/de\/wp-json\/wp\/v2\/tags?post=606214"}],"curies":[{"name":"wp","href":"https:\/\/api.w.org\/{rel}","templated":true}]}}