{"id":606354,"date":"2025-11-27T15:19:18","date_gmt":"2025-11-27T15:19:18","guid":{"rendered":"https:\/\/www.europesays.com\/de\/606354\/"},"modified":"2025-11-27T15:19:18","modified_gmt":"2025-11-27T15:19:18","slug":"essen-motor-show-fans-horchen-auf-kurz-vor-eroeffnung-geht-nachricht-um","status":"publish","type":"post","link":"https:\/\/www.europesays.com\/de\/606354\/","title":{"rendered":"&#8222;Essen Motor Show&#8220;-Fans horchen auf: Kurz vor Er\u00f6ffnung geht Nachricht um"},"content":{"rendered":"<p>Die Spannung steigt. Am Samstag (29. November) verwandelt sich die Messe-Halle in Essen mal wieder in ein Schlaraffenland f\u00fcr Tuning-Freunde. Rund 500 Aussteller in neun Hallen lassen die Fans der gepflegten Pferdest\u00e4rke bei der Essen Motor Show h\u00f6her schlagen.<\/p>\n<p>Vor der offiziellen Er\u00f6ffnung geht es am Freitag (28. November) bereits mit dem Preview Day los. Dabei wird unter anderem das neue Kampagnenfahrzeug der Initiative \u201eTUNE IT! SAFE!\u201c vorgestellt. Und es warten noch zahlreiche weitere Highlights auf die Besucher der Essen Motor Show.<\/p>\n<p> Essen Motor Show: Das sind die Highlights <\/p>\n<p>Es werde in diesem Jahr noch mehr Action an den St\u00e4nden und der Show-Arena geben, verspricht Projektleiter Ralf Sawatzki: \u201eDie Fans sollen hier mit einem L\u00e4cheln reinkommen und mit einem noch breiteren L\u00e4cheln nach Hause fahren.\u201c<\/p>\n<p>++ <a href=\"https:\/\/www.derwesten.de\/staedte\/gelsenkirchen\/boehse-onkelz-veltins-arena-schalke-2026-tickets-vorverkauf-id301916945.html\" rel=\"nofollow noopener\" target=\"_blank\">\u201eB\u00f6hse Onkelz\u201c k\u00fcndigen Konzert in Veltins-Arena an \u2013 alle Infos zum Vorverkauf auf Schalke<\/a> ++<\/p>\n<p>Um die Besucher zu begeistern, gibt es in diesem Jahr unter anderem ein Special zur Rallye Dakar. Au\u00dferdem k\u00f6nnen Motorsport-Begeisterte den Blick auf einen Maybach Exelero (Einzelst\u00fcck mit 351 km\/h) riskieren. In der Halle 5 gibt es dann die ganz gro\u00dfe Tuning-Ecke mit 150 aufwendig umgebauten Privatfahrzeugen aus ganz Europa. Darunter zum Beispiel ein\u00a0VW K\u00e4fer mit einem 612 PS starken Tesla-Motor und ein getunter VW T2 Kleinbus mit 300 PS.<\/p>\n<p>++ <a href=\"https:\/\/www.derwesten.de\/staedte\/bochum\/bochum-volksburger-imbiss-billig-id301916779.html\" rel=\"nofollow noopener\" target=\"_blank\">Veganer jubeln \u00fcber neuen Billig-Imbiss in Bochum \u2013 Mega-Aktion zur Er\u00f6ffnung! <\/a>++<\/p>\n<p> Gro\u00dfe Ehre vor Beginn der Essen Motor Show <\/p>\n<p>Wie gro\u00df die Vorfreude auf das Event ist, das bis zum 7. Dezember in der Messe Essen stattfindet, zeigt eine Umfrage der Zeitschrift \u201eSport Auto\u201c. Deren Leser haben die Essen Motor Show zum Sieger in der Kategorie \u201eBeste Messe\/Event\u201c gew\u00e4hlt.<\/p>\n<p>Mehr Themen:<\/p>\n<p>\u201eKurz vor der diesj\u00e4hrigen EMS diesen Award zu holen ist ein Beweis, dass sich Einsatz und Leidenschaft lohnen\u201c, jubelt Ralf Sawatzki. Dann kann die Essener Motor Show ja beginnen. Tagestickets gibt es ab 20 Euro im<a href=\"https:\/\/www.essen-motorshow.de\/tickets\/index-6.html\" target=\"_blank\" rel=\"noreferrer noopener nofollow\"> Onlineshop der EMS<\/a>. Wer sparen will, schnappt sich unter der Woche ein Nachmittagsticket (ab 14 Uhr) f\u00fcr 14 Euro.<\/p>\n","protected":false},"excerpt":{"rendered":"Die Spannung steigt. Am Samstag (29. November) verwandelt sich die Messe-Halle in Essen mal wieder in ein Schlaraffenland&hellip;\n","protected":false},"author":2,"featured_media":606355,"comment_status":"","ping_status":"","sticky":false,"template":"","format":"standard","meta":{"footnotes":""},"categories":[1834],"tags":[3364,29,3688,30,1209,107879],"class_list":{"0":"post-606354","1":"post","2":"type-post","3":"status-publish","4":"format-standard","5":"has-post-thumbnail","7":"category-essen","8":"tag-de","9":"tag-deutschland","10":"tag-essen","11":"tag-germany","12":"tag-nordrhein-westfalen","13":"tag-veranstaltungen-nrw"},"share_on_mastodon":{"url":"https:\/\/pubeurope.com\/@de\/115622337815797070","error":""},"_links":{"self":[{"href":"https:\/\/www.europesays.com\/de\/wp-json\/wp\/v2\/posts\/606354","targetHints":{"allow":["GET"]}}],"collection":[{"href":"https:\/\/www.europesays.com\/de\/wp-json\/wp\/v2\/posts"}],"about":[{"href":"https:\/\/www.europesays.com\/de\/wp-json\/wp\/v2\/types\/post"}],"author":[{"embeddable":true,"href":"https:\/\/www.europesays.com\/de\/wp-json\/wp\/v2\/users\/2"}],"replies":[{"embeddable":true,"href":"https:\/\/www.europesays.com\/de\/wp-json\/wp\/v2\/comments?post=606354"}],"version-history":[{"count":0,"href":"https:\/\/www.europesays.com\/de\/wp-json\/wp\/v2\/posts\/606354\/revisions"}],"wp:featuredmedia":[{"embeddable":true,"href":"https:\/\/www.europesays.com\/de\/wp-json\/wp\/v2\/media\/606355"}],"wp:attachment":[{"href":"https:\/\/www.europesays.com\/de\/wp-json\/wp\/v2\/media?parent=606354"}],"wp:term":[{"taxonomy":"category","embeddable":true,"href":"https:\/\/www.europesays.com\/de\/wp-json\/wp\/v2\/categories?post=606354"},{"taxonomy":"post_tag","embeddable":true,"href":"https:\/\/www.europesays.com\/de\/wp-json\/wp\/v2\/tags?post=606354"}],"curies":[{"name":"wp","href":"https:\/\/api.w.org\/{rel}","templated":true}]}}