{"id":606585,"date":"2025-11-27T17:33:28","date_gmt":"2025-11-27T17:33:28","guid":{"rendered":"https:\/\/www.europesays.com\/de\/606585\/"},"modified":"2025-11-27T17:33:28","modified_gmt":"2025-11-27T17:33:28","slug":"kommunen-in-hessen-kaempfen-mit-aufgabenproblem","status":"publish","type":"post","link":"https:\/\/www.europesays.com\/de\/606585\/","title":{"rendered":"Kommunen in Hessen k\u00e4mpfen mit \u201eAufgabenproblem\u201c"},"content":{"rendered":"<ol class=\"id-DonaldBreadcrumb lp_west_breadcrumb id-DonaldBreadcrumb--default\" data-k5a-pos=\"west_breadcrumb\">\n<li class=\"id-Breadcrumb-item\"><a href=\"https:\/\/www.fr.de\/\" class=\"id-Breadcrumb-link\" data-id-ec=\"{\" shn=\"\" textlink=\"\" data-k5a-pos=\"1_startseite\" rel=\"nofollow noopener\" target=\"_blank\">Startseite<\/a><\/li>\n<li class=\"id-Breadcrumb-item\"><a href=\"https:\/\/www.fr.de\/rhein-main\/\" class=\"id-Breadcrumb-link\" data-id-ec=\"{\" shn=\"\" textlink=\"\" data-k5a-pos=\"2_rheinMain\" rel=\"nofollow noopener\" target=\"_blank\">Rhein-Main<\/a><\/li>\n<li class=\"id-Breadcrumb-item\"><a href=\"https:\/\/www.fr.de\/rhein-main\/landespolitik\/\" class=\"id-Breadcrumb-link\" data-id-ec=\"{\" shn=\"\" textlink=\"\" data-k5a-pos=\"3_landespolitik\" rel=\"nofollow noopener\" target=\"_blank\">Landespolitik<\/a><\/li>\n<\/ol>\n<p class=\"id-Story-timestamp id-Story-timestamp--default\">Stand: 27.11.2025, 15:36 Uhr<\/p>\n<p class=\"id-Story-authors id-Story-authors--default\">Von: <a class=\"id-Story-authors-link lp_west_author\" href=\"https:\/\/www.fr.de\/autor\/hanning-voigts-gu4yj3ayj.html\" title=\"Zur Autorenseite von Hanning Voigts\" data-id-ec=\"{\" shn=\"\" author-link=\"\" voigts=\"\" data-k5a-pos=\"west_author\" rel=\"nofollow noopener\" target=\"_blank\">Hanning Voigts<\/a><\/p>\n<p class=\"id-Story-interactionBar id-Story-interactionBar--default\">DruckenTeilen<\/p>\n<p><img decoding=\"async\" class=\"id-RatioPlaceholder-element wv_story_el_image\" src=\"https:\/\/www.europesays.com\/de\/wp-content\/uploads\/2025\/11\/38786691-gert-uwe-mende-oberbuergermeister-von-wiesbaden-3I7a.jpg\" loading=\"eager\" fetchpriority=\"high\"   height=\"792\" width=\"1408\" alt=\"Wiesbaden, 27.01.2025u000dPressefr&#xFC;hst&#xFC;ck Gert-Uwe Mende (SPD, Oberb&#xFC;rgermeister der Stadt Wiesbaden), Wiesbaden, im Bild: Gert-Uwe Mende (SPD, Oberb&#xFC;rgermeister der Stadt Wiesbaden) nach dem Pressefr&#xFC;hst&#xFC;ck zum OB-Wahlkampf auf dem Schlossplatz vor dem Rathaus, Foto: Michael Schick, Bertramstr. 19, 65185 Wiesbaden, Tagespauschale\"\/>St\u00e4dtetagspr\u00e4sident Gert-Uwe Mende w\u00fcnscht sich mehr politische Unterst\u00fctzung vom Land Hessen. \u00a9\u00a0Michael Schick\/Michael Schick<\/p>\n<p class=\"id-StoryElement-leadText\">Der Hessischer St\u00e4dtetag warnt erneut vor einer \u00dcberforderung der Kommunen. Von Gemeindefusionen h\u00e4lt der Verband eher wenig.<\/p>\n<p class=\"id-StoryElement-paragraph\">Wiesbaden \u2013 In der Diskussion um die Finanzlage der hessischen Kommunen hat der Hessische St\u00e4dtetag erneut vor einer strukturellen \u00dcberforderung der St\u00e4dte und Gemeinden gewarnt. Die Kommunen h\u00e4tten kein Ausgaben-, sondern ein \u201eAufgabenproblem\u201c, sagte Gert-Uwe Mende (SPD), der Pr\u00e4sident des Verbandes hessischer St\u00e4dte, am Donnerstag in Wiesbaden. <\/p>\n<p class=\"id-StoryElement-paragraph\">Von der Bundes- und der Landesebene bek\u00e4men die St\u00e4dte und Gemeinden immer wieder neue Aufgaben \u00fcbertragen, \u201edie nicht finanziert sind\u201c, sagte der Sozialdemokrat, der zugleich Oberb\u00fcrgermeister der hessischen Landeshauptstadt ist.<\/p>\n<p>Einigungen mit dem Land l\u00f6sen nicht das \u201eGrundproblem\u201c<\/p>\n<p class=\"id-StoryElement-paragraph\">Man sehe durchaus, dass das Land die Interessen der Kommunen im Blick habe, betonte Mende. Es sei gut, dass sie noch in diesem Jahr 300 Millionen Euro aus dem Nachtragshaushalt der schwarz-roten Landesregierung erhielten <a href=\"https:\/\/www.fr.de\/rhein-main\/landespolitik\/land-hessen-und-kommunen-verteilen-zusaetzliche-milliarden-vom-bund-94021205.html\" class=\"id-import-Link\" data-id-ec=\"{&quot;sht&quot;:&quot;Container&quot;,&quot;shn&quot;:&quot;Story&quot;,&quot;p&quot;:{&quot;containerType&quot;:&quot;Paragraph&quot;,&quot;displayType&quot;:&quot;Paragraph InlineLink&quot;,&quot;type&quot;:&quot;INLINE_LINK&quot;,&quot;value&quot;:&quot;und es eine Einigung zur Verteilung der rund 7,4 Milliarden Euro aus dem Investitionspaket des Bundes gebe&quot;,&quot;variant&quot;:&quot;standardLink&quot;,&quot;sponsored&quot;:false,&quot;linkHref&quot;:&quot;https:\/\/www.fr.de\/rhein-main\/landespolitik\/land-hessen-und-kommunen-verteilen-zusaetzliche-milliarden-vom-bund-94021205.html&quot;,&quot;storyElementPosition&quot;:12,&quot;storyElementCount&quot;:22}}\" rel=\"nofollow noopener\" target=\"_blank\">und es eine Einigung zur Verteilung der rund 7,4 Milliarden Euro aus dem Investitionspaket des Bundes gebe<\/a>.<\/p>\n<p class=\"id-StoryElement-paragraph\">\u201eAber diese Dinge l\u00f6sen nicht das Grundproblem\u201c, sagte Mende. So sei der ab kommenden Sommer f\u00fcr erste Grundschulkinder geltende Rechtsanspruch auf Ganztagsbetreuung nicht gegenfinanziert, so dass er einseitig die Kommunen belaste.<\/p>\n<p>Finanzieller Ausgleich f\u00fcr besseren Schutz von Frauen<\/p>\n<p class=\"id-StoryElement-paragraph\">In Bezug auf das neue Gewalthilfegesetz des Bundes, das von Gewalt betroffenen Frauen den Zugang zu Beratung und Frauenh\u00e4usern erleichtern soll, sagte Mende, die Ansiedlung eines besseren Schutzsystems f\u00fcr Frauen bei den Kommunen sei richtig, aber auch diese neue Aufgabe k\u00f6nne nicht \u00fcbernommen werden, \u201eohne dass wir das finanziell ausgeglichen bekommen\u201c. <\/p>\n<p class=\"id-StoryElement-paragraph\">Er w\u00fcnsche sich, dass die L\u00e4nder sich beim Bund viel st\u00e4rker f\u00fcr die Kommunen einsetzten, wie sie das zuletzt bei drohenden Steuerausf\u00e4llen durch den sogenannten Investitionsbooster der schwarz-roten Bundesregierung getan h\u00e4tten.<\/p>\n<p>Kommunen wollen st\u00e4rker zusammenarbeiten<\/p>\n<p class=\"id-StoryElement-paragraph\">In Bezug auf die Bundesgesetzgebung kritisiert der St\u00e4dtetag auch Planungen auf Bundesebene, den gesetzlichen Krankenkassen die Verantwortung f\u00fcr das System der Rettungsdienste zu \u00fcbertragen. Die Organisation der Notfallsteuerung sei bei den Landkreisen und kreisfreien St\u00e4dten besser aufgehoben. <\/p>\n<p class=\"id-StoryElement-paragraph\">Zu k\u00fcrzlich ge\u00e4u\u00dferten \u00dcberlegungen des Pr\u00e4sidenten des hessischen Rechnungshofs, Uwe Becker (CDU), zur besseren Bew\u00e4ltigung ihrer Aufgaben auf mehr freiwillige Fusionen von Gemeinden zu setzen, sagte der St\u00e4dtetags-Vizepr\u00e4sident Dirk Westedt (FDP), man halte eher eine verst\u00e4rkte Zusammenarbeit der Kommunen f\u00fcr sinnvoll. (Hanning Voigts)<\/p>\n","protected":false},"excerpt":{"rendered":"Startseite Rhein-Main Landespolitik Stand: 27.11.2025, 15:36 Uhr Von: Hanning Voigts DruckenTeilen St\u00e4dtetagspr\u00e4sident Gert-Uwe Mende w\u00fcnscht sich mehr politische&hellip;\n","protected":false},"author":2,"featured_media":606586,"comment_status":"","ping_status":"","sticky":false,"template":"","format":"standard","meta":{"footnotes":""},"categories":[1847],"tags":[3364,29,548,663,3934,30,13,2052,14,15,12,4544],"class_list":{"0":"post-606585","1":"post","2":"type-post","3":"status-publish","4":"format-standard","5":"has-post-thumbnail","7":"category-wiesbaden","8":"tag-de","9":"tag-deutschland","10":"tag-eu","11":"tag-europa","12":"tag-europe","13":"tag-germany","14":"tag-headlines","15":"tag-hessen","16":"tag-nachrichten","17":"tag-news","18":"tag-schlagzeilen","19":"tag-wiesbaden"},"share_on_mastodon":{"url":"https:\/\/pubeurope.com\/@de\/115622865581846740","error":""},"_links":{"self":[{"href":"https:\/\/www.europesays.com\/de\/wp-json\/wp\/v2\/posts\/606585","targetHints":{"allow":["GET"]}}],"collection":[{"href":"https:\/\/www.europesays.com\/de\/wp-json\/wp\/v2\/posts"}],"about":[{"href":"https:\/\/www.europesays.com\/de\/wp-json\/wp\/v2\/types\/post"}],"author":[{"embeddable":true,"href":"https:\/\/www.europesays.com\/de\/wp-json\/wp\/v2\/users\/2"}],"replies":[{"embeddable":true,"href":"https:\/\/www.europesays.com\/de\/wp-json\/wp\/v2\/comments?post=606585"}],"version-history":[{"count":0,"href":"https:\/\/www.europesays.com\/de\/wp-json\/wp\/v2\/posts\/606585\/revisions"}],"wp:featuredmedia":[{"embeddable":true,"href":"https:\/\/www.europesays.com\/de\/wp-json\/wp\/v2\/media\/606586"}],"wp:attachment":[{"href":"https:\/\/www.europesays.com\/de\/wp-json\/wp\/v2\/media?parent=606585"}],"wp:term":[{"taxonomy":"category","embeddable":true,"href":"https:\/\/www.europesays.com\/de\/wp-json\/wp\/v2\/categories?post=606585"},{"taxonomy":"post_tag","embeddable":true,"href":"https:\/\/www.europesays.com\/de\/wp-json\/wp\/v2\/tags?post=606585"}],"curies":[{"name":"wp","href":"https:\/\/api.w.org\/{rel}","templated":true}]}}