{"id":607145,"date":"2025-11-27T23:08:34","date_gmt":"2025-11-27T23:08:34","guid":{"rendered":"https:\/\/www.europesays.com\/de\/607145\/"},"modified":"2025-11-27T23:08:34","modified_gmt":"2025-11-27T23:08:34","slug":"erste-auslandsreise-des-pontifex-papst-leo-fasst-erdogan-mit-samthandschuhen-an","status":"publish","type":"post","link":"https:\/\/www.europesays.com\/de\/607145\/","title":{"rendered":"Erste Auslandsreise des Pontifex: Papst Leo fasst Erdogan mit Samthandschuhen an"},"content":{"rendered":"<p>Erste Auslandsreise des PontifexPapst Leo fasst Erdogan mit Samthandschuhen an<img decoding=\"async\" class=\"Image_img__fQCi0 Image_Img_16_9__4BLfH widget-picture-inline_maximizable__t_E7h\" loading=\"eager\" fetchpriority=\"high\" src=\"https:\/\/www.europesays.com\/de\/wp-content\/uploads\/2025\/11\/Pope-Leo-XIV-poses-with-Turkish-President-Tayyip-Erdogan-and-his-wife-Emine-Erdogan-as-they-meet-at-.webp\" alt=\"Pope-Leo-XIV-poses-with-Turkish-President-Tayyip-Erdogan-and-his-wife-Emine-Erdogan-as-they-meet-at-the-Presidential-Palace-during-his-first-apostolic-journey-in-Ankara-Turkey-November-27-2025-Murat-Kula-Turkish-Presidential-Press-Office-Handout-via-REUTERS-ATTENTION-EDITORS-THIS-IMAGE-HAS-BEEN-SUPPLIED-BY-A-THIRD-PARTY-NO-RESALES-NO-ARCHIVES\"\/>Papst Leo bei seinem Termin mit Erdogan und seiner Frau. (Foto: via REUTERS)TeilenFolgen auf:<a href=\"https:\/\/www.whatsapp.com\/channel\/0029Va5cdVJD8SDp5YZgYF01\" title=\"Auf WhatsApp folgen\" target=\"_blank\" rel=\"noopener\"><img decoding=\"async\" src=\"https:\/\/www.n-tv.de\/socialIcons\/whatsapp.svg\" alt=\"whatsapp\" class=\"ArticleShare_icon__FsrC2\"\/><\/a><a href=\"https:\/\/news.google.com\/publications\/CAAiEPMdif5mpRNxiLOeUpHCwwsqFAgKIhDzHYn-ZqUTcYiznlKRwsML?hl=de&amp;gl=DE&amp;ceid=DE%3Ade\" title=\"Auf Google News folgen\" target=\"_blank\" rel=\"noopener\"><img decoding=\"async\" src=\"https:\/\/www.n-tv.de\/socialIcons\/google.svg\" alt=\"whatsapp\" class=\"ArticleShare_icon__FsrC2\"\/><\/a><\/p>\n<p class=\"Typography_text-m__XI0da Typography_weight-bold__uT6mq storyline_lead_text_leadtext__q_wg8\">Bei seiner ersten Auslandsreise trifft der Papst den t\u00fcrkischen Pr\u00e4sidenten. Leo lobt ihn f\u00fcr die religi\u00f6se &#8222;Diversit\u00e4t&#8220; in der T\u00fcrkei. Vertreibungen und Massaker an Christen erw\u00e4hnt er nicht. Stattdessen w\u00fcrdigt er das Land als &#8222;Br\u00fccke zwischen Osten und Westen&#8220;.<\/p>\n<p class=\"Typography_text-default__P3otY Typography_weight-normal__pqUbH storyline_paragraph_p__qSR5N\">Bei seiner ersten Auslandsreise hat Papst Leo XIV. die T\u00fcrkei besucht und dabei die Vermittlerrolle des Landes in der Welt betont. &#8222;M\u00f6ge die T\u00fcrkei eine Quelle der Stabilit\u00e4t und der Ann\u00e4herung zwischen den V\u00f6lkern sein, im Dienste eines gerechten und dauerhaften Friedens&#8220;, sagte der Pontifex in Ankara nach einem Treffen mit dem t\u00fcrkischen Pr\u00e4sidenten Recep Tayyip Erdogan im Pr\u00e4sidentenpalast. Leo XIV. befindet sich auf einem viert\u00e4gigen Besuch in der T\u00fcrkei, anschlie\u00dfend will er in den Libanon weiterreisen.<\/p>\n<p class=\"Typography_text-default__P3otY Typography_weight-normal__pqUbH storyline_paragraph_p__qSR5N\">Bei seiner Rede vor Beh\u00f6rdenvertretern und dem diplomatischen Corps in Ankara sagte Leo XIV., es brauche Menschen, &#8222;die Dialog f\u00f6rdern und betreiben, mit einem festen Willen und geduldiger Entschlossenheit&#8220;. Die T\u00fcrkei nehme eine &#8222;besondere Rolle&#8220; als Br\u00fccke zwischen dem Osten und dem Westen, Asien und Europa ein, sagte der Papst. Der Pontifex verwies ferner auf die &#8222;Diversit\u00e4t&#8220; der T\u00fcrkei. Eine Gesellschaft sei dann lebendig, wenn sie vielf\u00e4ltig sei. &#8222;Christen wollen einen positiven Beitrag zur Einheit&#8220; der T\u00fcrkei beitragen, sagte der Papst. &#8222;Sie sind und f\u00fchlen sich wie ein Teil der t\u00fcrkischen Identit\u00e4t&#8220;, f\u00fcgte er hinzu.<\/p>\n<p class=\"Typography_text-default__P3otY Typography_weight-normal__pqUbH storyline_paragraph_p__qSR5N\">Von den 86 Millionen Einwohnern der T\u00fcrkei sind nur etwa 100.000 Christen. Zu Beginn des 20. Jahrhunderts waren es noch fast vier Millionen, von denen viele Massakern zum Opfer fielen oder vertrieben wurden. 1915\/16 t\u00f6teten Soldaten des Osmanischen Reichs gezielt Hunderttausende christliche Armenier &#8211; nach Einsch\u00e4tzung der meisten Historiker der erste V\u00f6lkermord des 20. Jahrhunderts. Ankara weigert sich bis heute, die Massaker als V\u00f6lkermord anzuerkennen.<\/p>\n<p>Erdogan: Keiner wird bei uns diskriminiert<\/p>\n<p class=\"Typography_text-default__P3otY Typography_weight-normal__pqUbH storyline_paragraph_p__qSR5N\">Erdogan sagte, die T\u00fcrkei sei ein Land, das &#8222;es nicht erlauben w\u00fcrde, dass auch nur ein einziger unserer B\u00fcrger Diskriminierung erf\u00e4hrt&#8220;. Kulturelle, religi\u00f6se und ethnische Differenzen seien &#8222;nicht eine Quelle der Spaltung, sondern eine Quelle der Bereicherung&#8220;. Der t\u00fcrkische Pr\u00e4sident w\u00fcrdigte zudem die Position des Pontifex hinsichtlich der &#8222;pal\u00e4stinensischen Sache&#8220;. Die Menschheit sei dem pal\u00e4stinensischen Volk &#8222;vor allem Gerechtigkeit schuldig&#8220;, sagte Erdogan. Diese Schuld k\u00f6nne beglichen werden, indem die Zwei-Staaten-L\u00f6sung &#8222;so bald wie m\u00f6glich&#8220; umgesetzt werde.<\/p>\n<p class=\"Typography_text-default__P3otY Typography_weight-normal__pqUbH storyline_paragraph_p__qSR5N\">Am Abend wollte Leo XIV. weiter nach Istanbul reisen. Am Freitag kommt der Pontifex in Iznik mit W\u00fcrdentr\u00e4gern verschiedener orthodoxer Kirchen zusammen, um an das Konzil von Nic\u00e4a vor 1700 Jahren zu erinnern. Am Samstag besucht Leo XIV. die Blaue Moschee in Istanbul. Es ist der erste internationale Auftritt des neuen Pontifex seit seiner Wahl im Mai.<\/p>\n<p class=\"Typography_text-default__P3otY Typography_weight-normal__pqUbH storyline_paragraph_p__qSR5N\">Am Sonntag reist der Papst dann weiter in den Libanon, wo er unter anderem junge Menschen treffen und einen Gottesdienst im Freien mit 100.000 Gl\u00e4ubigen feiern will. Auf seiner Reise will der Papst zum Frieden im Nahen Osten aufrufen und f\u00fcr die Einheit der Christen und den Dialog zwischen den Religionen werben. Im Libanon bekennt sich mehr als ein Drittel der Bev\u00f6lkerung zum christlichen Glauben, das Land galt lange als Vorbild f\u00fcr das Zusammenleben verschiedener Religionen. Seit 2019 steckt das Land in der Krise. Trotz eines Waffenstillstands zwischen Israel und der vom Iran unterst\u00fctzten schiitischen Hisbollah-Miliz gibt es immer wieder t\u00f6dliche Gefechte, besonders im S\u00fcden des Landes.<\/p>\n<p class=\"Typography_text-s__wu_cm Typography_weight-normal__pqUbH Typography_color-darkgrey__sZEnP article-detail-footer_source__KslPc\">Quelle: ntv.de, mau\/AFP<\/p>\n","protected":false},"excerpt":{"rendered":"Erste Auslandsreise des PontifexPapst Leo fasst Erdogan mit Samthandschuhen anPapst Leo bei seinem Termin mit Erdogan und seiner&hellip;\n","protected":false},"author":2,"featured_media":607146,"comment_status":"","ping_status":"","sticky":false,"template":"","format":"standard","meta":{"footnotes":""},"categories":[3],"tags":[38974,6476,13,14,15,16,144,12,10,8,9,11,143,103,104],"class_list":{"0":"post-607145","1":"post","2":"type-post","3":"status-publish","4":"format-standard","5":"has-post-thumbnail","7":"category-welt","8":"tag-papst-leo-xiv","9":"tag-christentum","10":"tag-headlines","11":"tag-nachrichten","12":"tag-news","13":"tag-politik","14":"tag-recep-tayyip-erdogan","15":"tag-schlagzeilen","16":"tag-top-news","17":"tag-top-meldungen","18":"tag-topmeldungen","19":"tag-topnews","20":"tag-tuerkei","21":"tag-welt","22":"tag-world"},"share_on_mastodon":{"url":"https:\/\/pubeurope.com\/@de\/115624183314876536","error":""},"_links":{"self":[{"href":"https:\/\/www.europesays.com\/de\/wp-json\/wp\/v2\/posts\/607145","targetHints":{"allow":["GET"]}}],"collection":[{"href":"https:\/\/www.europesays.com\/de\/wp-json\/wp\/v2\/posts"}],"about":[{"href":"https:\/\/www.europesays.com\/de\/wp-json\/wp\/v2\/types\/post"}],"author":[{"embeddable":true,"href":"https:\/\/www.europesays.com\/de\/wp-json\/wp\/v2\/users\/2"}],"replies":[{"embeddable":true,"href":"https:\/\/www.europesays.com\/de\/wp-json\/wp\/v2\/comments?post=607145"}],"version-history":[{"count":0,"href":"https:\/\/www.europesays.com\/de\/wp-json\/wp\/v2\/posts\/607145\/revisions"}],"wp:featuredmedia":[{"embeddable":true,"href":"https:\/\/www.europesays.com\/de\/wp-json\/wp\/v2\/media\/607146"}],"wp:attachment":[{"href":"https:\/\/www.europesays.com\/de\/wp-json\/wp\/v2\/media?parent=607145"}],"wp:term":[{"taxonomy":"category","embeddable":true,"href":"https:\/\/www.europesays.com\/de\/wp-json\/wp\/v2\/categories?post=607145"},{"taxonomy":"post_tag","embeddable":true,"href":"https:\/\/www.europesays.com\/de\/wp-json\/wp\/v2\/tags?post=607145"}],"curies":[{"name":"wp","href":"https:\/\/api.w.org\/{rel}","templated":true}]}}