{"id":607446,"date":"2025-11-28T02:12:22","date_gmt":"2025-11-28T02:12:22","guid":{"rendered":"https:\/\/www.europesays.com\/de\/607446\/"},"modified":"2025-11-28T02:12:22","modified_gmt":"2025-11-28T02:12:22","slug":"fehlende-akten-zu-moschee-in-halle-neustadt-pogromstimmung-ob-vogt-wegen-moscheeakten-unter-druck","status":"publish","type":"post","link":"https:\/\/www.europesays.com\/de\/607446\/","title":{"rendered":"Fehlende Akten zu Moschee in Halle-Neustadt: \u201ePogromstimmung\u201c? OB Vogt wegen Moscheeakten unter Druck"},"content":{"rendered":"<p>Fehlende Akten zu Moschee in Halle-Neustadt\u00a0\u201ePogromstimmung\u201c? OB Vogt wegen Moscheeakten unter Druck &#8211; AfD springt ihm bei<\/p>\n<p class=\"fp-article-heading__excerpt text-lg\">Nach einem denkw\u00fcrdigen Auftritt im Stadtrat bekommt Halles Oberb\u00fcrgermeister Alexander Vogt jetzt Unterst\u00fctzung von der AfD. Die fehlenden Akten zur Moschee bringen ihn weiter in Erkl\u00e4rungsnot.<\/p>\n<p>Von  Jonas Nayda 27.11.2025, 19:00<\/p>\n","protected":false},"excerpt":{"rendered":"Fehlende Akten zu Moschee in Halle-Neustadt\u00a0\u201ePogromstimmung\u201c? OB Vogt wegen Moscheeakten unter Druck &#8211; AfD springt ihm bei Nach&hellip;\n","protected":false},"author":2,"featured_media":607447,"comment_status":"","ping_status":"","sticky":false,"template":"","format":"standard","meta":{"footnotes":""},"categories":[1860],"tags":[3364,29,548,663,3934,30,4062,17332,13,14,15,17331,860,12],"class_list":{"0":"post-607446","1":"post","2":"type-post","3":"status-publish","4":"format-standard","5":"has-post-thumbnail","7":"category-halle-saale","8":"tag-de","9":"tag-deutschland","10":"tag-eu","11":"tag-europa","12":"tag-europe","13":"tag-germany","14":"tag-halle","15":"tag-halle-saale","16":"tag-headlines","17":"tag-nachrichten","18":"tag-news","19":"tag-saale","20":"tag-sachsen-anhalt","21":"tag-schlagzeilen"},"share_on_mastodon":{"url":"https:\/\/pubeurope.com\/@de\/115624905511180358","error":""},"_links":{"self":[{"href":"https:\/\/www.europesays.com\/de\/wp-json\/wp\/v2\/posts\/607446","targetHints":{"allow":["GET"]}}],"collection":[{"href":"https:\/\/www.europesays.com\/de\/wp-json\/wp\/v2\/posts"}],"about":[{"href":"https:\/\/www.europesays.com\/de\/wp-json\/wp\/v2\/types\/post"}],"author":[{"embeddable":true,"href":"https:\/\/www.europesays.com\/de\/wp-json\/wp\/v2\/users\/2"}],"replies":[{"embeddable":true,"href":"https:\/\/www.europesays.com\/de\/wp-json\/wp\/v2\/comments?post=607446"}],"version-history":[{"count":0,"href":"https:\/\/www.europesays.com\/de\/wp-json\/wp\/v2\/posts\/607446\/revisions"}],"wp:featuredmedia":[{"embeddable":true,"href":"https:\/\/www.europesays.com\/de\/wp-json\/wp\/v2\/media\/607447"}],"wp:attachment":[{"href":"https:\/\/www.europesays.com\/de\/wp-json\/wp\/v2\/media?parent=607446"}],"wp:term":[{"taxonomy":"category","embeddable":true,"href":"https:\/\/www.europesays.com\/de\/wp-json\/wp\/v2\/categories?post=607446"},{"taxonomy":"post_tag","embeddable":true,"href":"https:\/\/www.europesays.com\/de\/wp-json\/wp\/v2\/tags?post=607446"}],"curies":[{"name":"wp","href":"https:\/\/api.w.org\/{rel}","templated":true}]}}