{"id":607500,"date":"2025-11-28T02:45:31","date_gmt":"2025-11-28T02:45:31","guid":{"rendered":"https:\/\/www.europesays.com\/de\/607500\/"},"modified":"2025-11-28T02:45:31","modified_gmt":"2025-11-28T02:45:31","slug":"vermisst-zwei-13-jaehrige-maedchen-koennten-sich-in-bonn-aufhalten","status":"publish","type":"post","link":"https:\/\/www.europesays.com\/de\/607500\/","title":{"rendered":"Vermisst: Zwei 13-j\u00e4hrige M\u00e4dchen k\u00f6nnten sich in Bonn aufhalten"},"content":{"rendered":"<p>Beide sind seit gestern als vermisst gemeldet &#8211; allerdings in M\u00f6nchengladbach. Es gibt aber die Vermutung, dass die M\u00e4dchen erstens zusammen unterwegs sind und dass sie sich zweitens hier im Raum Bonn aufhalten k\u00f6nnten. Es kommen aber wohl auch die Nachbarst\u00e4dte infrage, sagt die Polizei. Es wurden aktuelle Fotos der beiden 13-J\u00e4hrigen im Fahndungsportal der NRW-Polizei ver\u00f6ffentlicht. Den Link gibt es <a href=\"https:\/\/polizei.nrw\/fahndung\/187569\" rel=\"noopener noreferrer nofollow\" target=\"_blank\">HIER<\/a> und <a href=\"https:\/\/polizei.nrw\/fahndung\/187567\" rel=\"noopener noreferrer nofollow\" target=\"_blank\">HIER<\/a>. Wer die M\u00e4dchen gesehen hat oder wei\u00df, wo sie sein k\u00f6nnten, sollte sich an die Polizei in M\u00f6nchengladbach wenden.\u00a0\u00a0\u00a0\u00a0<\/p>\n","protected":false},"excerpt":{"rendered":"Beide sind seit gestern als vermisst gemeldet &#8211; allerdings in M\u00f6nchengladbach. Es gibt aber die Vermutung, dass die&hellip;\n","protected":false},"author":2,"featured_media":607501,"comment_status":"","ping_status":"","sticky":false,"template":"","format":"standard","meta":{"footnotes":""},"categories":[1842],"tags":[1741,3364,29,30,1209,8],"class_list":{"0":"post-607500","1":"post","2":"type-post","3":"status-publish","4":"format-standard","5":"has-post-thumbnail","7":"category-bonn","8":"tag-bonn","9":"tag-de","10":"tag-deutschland","11":"tag-germany","12":"tag-nordrhein-westfalen","13":"tag-top-meldungen"},"share_on_mastodon":{"url":"https:\/\/pubeurope.com\/@de\/115625035500675680","error":""},"_links":{"self":[{"href":"https:\/\/www.europesays.com\/de\/wp-json\/wp\/v2\/posts\/607500","targetHints":{"allow":["GET"]}}],"collection":[{"href":"https:\/\/www.europesays.com\/de\/wp-json\/wp\/v2\/posts"}],"about":[{"href":"https:\/\/www.europesays.com\/de\/wp-json\/wp\/v2\/types\/post"}],"author":[{"embeddable":true,"href":"https:\/\/www.europesays.com\/de\/wp-json\/wp\/v2\/users\/2"}],"replies":[{"embeddable":true,"href":"https:\/\/www.europesays.com\/de\/wp-json\/wp\/v2\/comments?post=607500"}],"version-history":[{"count":0,"href":"https:\/\/www.europesays.com\/de\/wp-json\/wp\/v2\/posts\/607500\/revisions"}],"wp:featuredmedia":[{"embeddable":true,"href":"https:\/\/www.europesays.com\/de\/wp-json\/wp\/v2\/media\/607501"}],"wp:attachment":[{"href":"https:\/\/www.europesays.com\/de\/wp-json\/wp\/v2\/media?parent=607500"}],"wp:term":[{"taxonomy":"category","embeddable":true,"href":"https:\/\/www.europesays.com\/de\/wp-json\/wp\/v2\/categories?post=607500"},{"taxonomy":"post_tag","embeddable":true,"href":"https:\/\/www.europesays.com\/de\/wp-json\/wp\/v2\/tags?post=607500"}],"curies":[{"name":"wp","href":"https:\/\/api.w.org\/{rel}","templated":true}]}}