{"id":607518,"date":"2025-11-28T02:54:17","date_gmt":"2025-11-28T02:54:17","guid":{"rendered":"https:\/\/www.europesays.com\/de\/607518\/"},"modified":"2025-11-28T02:54:17","modified_gmt":"2025-11-28T02:54:17","slug":"landet-dynamo-einen-coup-ex-bvb-manager-heisser-kandidat","status":"publish","type":"post","link":"https:\/\/www.europesays.com\/de\/607518\/","title":{"rendered":"Landet Dynamo einen Coup? Ex-BVB-Manager hei\u00dfer Kandidat"},"content":{"rendered":"<p>Sven Mislintat k\u00f6nnte \u00fcberraschend beim abstiegsbedrohten Zweitligisten Dynamo Dresden anheuern. Wie zuerst die \u201eDresdner Neuesten Nachrichten\u201c berichteten und sp\u00e4ter auch \u201eBILD\u201c best\u00e4tigte, war der fr\u00fchere <a data-ail=\"148042\" target=\"_self\" href=\"https:\/\/www.fussball-champions-league.com\/borussia-dortmund\/\" title=\"Weitere BVB-News\" rel=\"noopener\">BVB<\/a>-Manager Anfang der Woche zu Gespr\u00e4chen in Dresden und z\u00e4hlt nun zu den Kandidaten f\u00fcr die Nachfolge des freigestellten Sportchefs Thomas Brendel.<\/p>\n<p>Der 53-J\u00e4hrige, der sich als \u201eDiamantenauge\u201c einen Namen machte und Stationen bei Arsenal, Stuttgart und Ajax vorzuweisen hat, war erst im Februar nach einem Streit mit <a data-ail=\"148042\" target=\"_self\" href=\"https:\/\/www.fussball-champions-league.com\/borussia-dortmund\/\" title=\"Weitere BVB-News\" rel=\"noopener\">BVB<\/a>-Sportdirektor Sebastian Kehl freigestellt worden. Trotz seiner Vita soll Mislintat offen f\u00fcr Projekte bei ambitionierten Zweitligisten sein.<\/p>\n<p>Im \u201ekicker\u201c verteidigte er k\u00fcrzlich seinen oft kontrovers diskutierten F\u00fchrungsstil: \u201eDem widerspreche ich. Aber es ist ganz sicher so, dass ich sehr diskussionsfreudig und meinungsstark bin. H\u00f6chstleistungen erreicht man nicht in Komfortzonen.\u201c<\/p>\n<p><strong>Dynamo Dresden hei\u00df auf Ex-BVB-Manager Mislintat<\/strong><\/p>\n<p>Ob Mislintat tats\u00e4chlich in Dresden landet, ist aber noch offen \u2013 der Klub pr\u00fcft laut \u201eBILD\u201c weiterhin mehrere Optionen.<\/p>\n","protected":false},"excerpt":{"rendered":"Sven Mislintat k\u00f6nnte \u00fcberraschend beim abstiegsbedrohten Zweitligisten Dynamo Dresden anheuern. Wie zuerst die \u201eDresdner Neuesten Nachrichten\u201c berichteten und&hellip;\n","protected":false},"author":2,"featured_media":590312,"comment_status":"","ping_status":"","sticky":false,"template":"","format":"standard","meta":{"footnotes":""},"categories":[1835],"tags":[888,3364,29,2386,3766,30,859],"class_list":{"0":"post-607518","1":"post","2":"type-post","3":"status-publish","4":"format-standard","5":"has-post-thumbnail","7":"category-dresden","8":"tag-borussia-dortmund","9":"tag-de","10":"tag-deutschland","11":"tag-dresden","12":"tag-dynamo-dresden","13":"tag-germany","14":"tag-sachsen"},"share_on_mastodon":{"url":"https:\/\/pubeurope.com\/@de\/115625071854472704","error":""},"_links":{"self":[{"href":"https:\/\/www.europesays.com\/de\/wp-json\/wp\/v2\/posts\/607518","targetHints":{"allow":["GET"]}}],"collection":[{"href":"https:\/\/www.europesays.com\/de\/wp-json\/wp\/v2\/posts"}],"about":[{"href":"https:\/\/www.europesays.com\/de\/wp-json\/wp\/v2\/types\/post"}],"author":[{"embeddable":true,"href":"https:\/\/www.europesays.com\/de\/wp-json\/wp\/v2\/users\/2"}],"replies":[{"embeddable":true,"href":"https:\/\/www.europesays.com\/de\/wp-json\/wp\/v2\/comments?post=607518"}],"version-history":[{"count":0,"href":"https:\/\/www.europesays.com\/de\/wp-json\/wp\/v2\/posts\/607518\/revisions"}],"wp:featuredmedia":[{"embeddable":true,"href":"https:\/\/www.europesays.com\/de\/wp-json\/wp\/v2\/media\/590312"}],"wp:attachment":[{"href":"https:\/\/www.europesays.com\/de\/wp-json\/wp\/v2\/media?parent=607518"}],"wp:term":[{"taxonomy":"category","embeddable":true,"href":"https:\/\/www.europesays.com\/de\/wp-json\/wp\/v2\/categories?post=607518"},{"taxonomy":"post_tag","embeddable":true,"href":"https:\/\/www.europesays.com\/de\/wp-json\/wp\/v2\/tags?post=607518"}],"curies":[{"name":"wp","href":"https:\/\/api.w.org\/{rel}","templated":true}]}}