{"id":607546,"date":"2025-11-28T03:12:16","date_gmt":"2025-11-28T03:12:16","guid":{"rendered":"https:\/\/www.europesays.com\/de\/607546\/"},"modified":"2025-11-28T03:12:16","modified_gmt":"2025-11-28T03:12:16","slug":"6000-anwohner-evakuiert-zwei-blindgaenger-in-koeln-entschaerft","status":"publish","type":"post","link":"https:\/\/www.europesays.com\/de\/607546\/","title":{"rendered":"6000 Anwohner evakuiert: Zwei Blindg\u00e4nger in K\u00f6ln entsch\u00e4rft"},"content":{"rendered":"<p>6000 Anwohner evakuiertZwei Blindg\u00e4nger in K\u00f6ln entsch\u00e4rft<img decoding=\"async\" class=\"Image_img__fQCi0 Image_Img_16_9__4BLfH widget-picture-inline_maximizable__t_E7h\" loading=\"eager\" fetchpriority=\"high\" src=\"https:\/\/www.europesays.com\/de\/wp-content\/uploads\/2025\/11\/27-11-2025-Nordrhein-Westfalen-Koeln-Kampfmitellbeseitiger-arbeiten-am-Fundort-der-Weltkriegsbomben-.webp\" alt=\"27-11-2025-Nordrhein-Westfalen-Koeln-Kampfmitellbeseitiger-arbeiten-am-Fundort-der-Weltkriegsbomben-Wegen-der-Entschaerfung-von-zwei-Weltkriegsbomben-musste-in-Koeln-kurzfristig-eine-wichtige-Eisenbahnstrecke-gesperrt-werden-Betroffen-waren-Fern-Regional-und-Gueterzuege-die-von-Koeln-Deutz-rechtsrheinisch-Richtung-Bonn-und-Frankfurt-Main-fahren-sagte-ein-Sprecher-der-Deutschen-Bahn-In-einem-Sicherheitsbereich-500-Meter-um-die-Fundstelle-wurden-rund-6-000-Menschen-evakuiert-Die-Blindgaenger-waren-bei-Sondierungsarbeiten-in-Koeln-Gremberghoven-gefunden-worden\"\/>Kampfmitellbeseitiger arbeiten am Fundort der Weltkriegsbomben in K\u00f6ln. (Foto: dpa)TeilenFolgen auf:<a href=\"https:\/\/www.whatsapp.com\/channel\/0029Va5cdVJD8SDp5YZgYF01\" title=\"Auf WhatsApp folgen\" target=\"_blank\" rel=\"noopener\"><img decoding=\"async\" src=\"https:\/\/www.n-tv.de\/socialIcons\/whatsapp.svg\" alt=\"whatsapp\" class=\"ArticleShare_icon__FsrC2\"\/><\/a><a href=\"https:\/\/news.google.com\/publications\/CAAiEPMdif5mpRNxiLOeUpHCwwsqFAgKIhDzHYn-ZqUTcYiznlKRwsML?hl=de&amp;gl=DE&amp;ceid=DE%3Ade\" title=\"Auf Google News folgen\" target=\"_blank\" rel=\"noopener\"><img decoding=\"async\" src=\"https:\/\/www.n-tv.de\/socialIcons\/google.svg\" alt=\"whatsapp\" class=\"ArticleShare_icon__FsrC2\"\/><\/a><\/p>\n<p class=\"Typography_text-m__XI0da Typography_weight-bold__uT6mq storyline_lead_text_leadtext__q_wg8\">F\u00fcr Tausende Menschen in K\u00f6ln l\u00e4uft der Abend anders als geplant: In ihrer Nachbarschaft werden Fliegerbomben aus dem Zweiten Weltkrieg entdeckt &#8211; der Kampfmittelr\u00e4umdienst wird sofort aktiv. Sp\u00e4t in der Nacht gibt es dann Entwarnung. <\/p>\n<p class=\"Typography_text-default__P3otY Typography_weight-normal__pqUbH storyline_paragraph_p__qSR5N\">Wegen der Entsch\u00e4rfung zweier Weltkriegsbomben haben in K\u00f6ln am Abend rund 6000 Menschen ihr Zuhause verlassen m\u00fcssen. Gegen 1.20 Uhr teilte die Stadt dann mit, dass beide Blindg\u00e4nger erfolgreich entsch\u00e4rft worden seien. Danach wurden alle Sperrungen aufgehoben, Anwohner konnten in ihre Wohnungen und H\u00e4user zur\u00fcckkehren. Auch Z\u00fcge und Bahnen k\u00f6nnen wieder ohne Einschr\u00e4nkungen fahren. Die Blindg\u00e4nger wurden abtransportiert.<\/p>\n<p class=\"Typography_text-default__P3otY Typography_weight-normal__pqUbH storyline_paragraph_p__qSR5N\">Vor der Entsch\u00e4rfung war eine wichtige Eisenbahnstrecke gesperrt worden: Die meisten Fern-, Regional- und G\u00fcterz\u00fcge, die von K\u00f6ln-Deutz rechtsrheinisch Richtung Bonn und Frankfurt\/Main fahren, mussten zeitweise umgeleitet werden, wie ein Sprecher der Deutschen Bahn sagte.<\/p>\n<p class=\"Typography_text-default__P3otY Typography_weight-normal__pqUbH storyline_paragraph_p__qSR5N\">Die Blindg\u00e4nger, englische Zehn-Zentner-Bomben mit Aufschlagz\u00fcnder, waren bei Sondierungsarbeiten in K\u00f6ln-Gremberghoven direkt neben Wohnh\u00e4usern gefunden worden und sollten noch am selben Tag entsch\u00e4rft werden. Im Umkreis von 500 Metern um die Fundstelle wurde eine Sicherheitszone geschaffen. Knapp 220 Kr\u00e4fte der Feuerwehr, des Ordnungsamts und anderer Beh\u00f6rden waren im Einsatz.<\/p>\n<p class=\"Typography_text-s__wu_cm Typography_weight-normal__pqUbH Typography_color-darkgrey__sZEnP article-detail-footer_source__KslPc\">Quelle: ntv.de, ino\/dpa<\/p>\n","protected":false},"excerpt":{"rendered":"6000 Anwohner evakuiertZwei Blindg\u00e4nger in K\u00f6ln entsch\u00e4rftKampfmitellbeseitiger arbeiten am Fundort der Weltkriegsbomben in K\u00f6ln. (Foto: dpa)TeilenFolgen auf: F\u00fcr&hellip;\n","protected":false},"author":2,"featured_media":607547,"comment_status":"","ping_status":"","sticky":false,"template":"","format":"standard","meta":{"footnotes":""},"categories":[1828],"tags":[8159,29,30,984,1420,1209],"class_list":{"0":"post-607546","1":"post","2":"type-post","3":"status-publish","4":"format-standard","5":"has-post-thumbnail","7":"category-koeln","8":"tag-bombenfunde","9":"tag-deutschland","10":"tag-germany","11":"tag-international","12":"tag-koeln","13":"tag-nordrhein-westfalen"},"share_on_mastodon":{"url":"https:\/\/pubeurope.com\/@de\/115625142397472387","error":""},"_links":{"self":[{"href":"https:\/\/www.europesays.com\/de\/wp-json\/wp\/v2\/posts\/607546","targetHints":{"allow":["GET"]}}],"collection":[{"href":"https:\/\/www.europesays.com\/de\/wp-json\/wp\/v2\/posts"}],"about":[{"href":"https:\/\/www.europesays.com\/de\/wp-json\/wp\/v2\/types\/post"}],"author":[{"embeddable":true,"href":"https:\/\/www.europesays.com\/de\/wp-json\/wp\/v2\/users\/2"}],"replies":[{"embeddable":true,"href":"https:\/\/www.europesays.com\/de\/wp-json\/wp\/v2\/comments?post=607546"}],"version-history":[{"count":0,"href":"https:\/\/www.europesays.com\/de\/wp-json\/wp\/v2\/posts\/607546\/revisions"}],"wp:featuredmedia":[{"embeddable":true,"href":"https:\/\/www.europesays.com\/de\/wp-json\/wp\/v2\/media\/607547"}],"wp:attachment":[{"href":"https:\/\/www.europesays.com\/de\/wp-json\/wp\/v2\/media?parent=607546"}],"wp:term":[{"taxonomy":"category","embeddable":true,"href":"https:\/\/www.europesays.com\/de\/wp-json\/wp\/v2\/categories?post=607546"},{"taxonomy":"post_tag","embeddable":true,"href":"https:\/\/www.europesays.com\/de\/wp-json\/wp\/v2\/tags?post=607546"}],"curies":[{"name":"wp","href":"https:\/\/api.w.org\/{rel}","templated":true}]}}