{"id":607550,"date":"2025-11-28T03:14:13","date_gmt":"2025-11-28T03:14:13","guid":{"rendered":"https:\/\/www.europesays.com\/de\/607550\/"},"modified":"2025-11-28T03:14:13","modified_gmt":"2025-11-28T03:14:13","slug":"dwd-warnt-vor-frost-am-vormittag","status":"publish","type":"post","link":"https:\/\/www.europesays.com\/de\/607550\/","title":{"rendered":"DWD warnt vor Frost am Vormittag"},"content":{"rendered":"<p>Prognose f\u00fcr M\u00fcnchen <\/p>\n<p>Es bleibt eisig: Wetterdienst warnt auch am Freitag vor Frost<\/p>\n<p>Aktualisiert am 27.11.2025 &#8211; 06:00 UhrLesedauer: 2 Min.<\/p>\n<p class=\"font-bold text-18 leading-17\"><strong class=\"font-bold\">Gibt es heute Sonne, Regen oder Sturm in M\u00fcnchen? Hier finden Sie die Wettervorhersage und die Unwetterwarnungen f\u00fcr Bayerns Landeshauptstadt.<\/strong><\/p>\n<p class=\"text-18 leading-17\">Laut Daten des Deutschen Wetterdienstes (DWD) beginnt der Freitag in <a class=\"transition-colors duration-200 cursor-pointer text-inherit no-underline text-salemsfur md:hover:text-magenta md:hover:border-magenta md:focus:text-magenta border-current border-b border-solid break-words\" href=\"https:\/\/muenchen.t-online.de\/region\/muenchen\/\" data-sctrack=\"BodyAnchor\" target=\"_blank\" rel=\"noopener\">M\u00fcnchen<\/a> mit leichtem Frost: Die Temperaturen liegen in den fr\u00fchen Morgenstunden bei bis zu -3 Grad. Der DWD hat daher eine amtliche Frostwarnung ausgesprochen, die bis 10 Uhr gilt. Der Himmel zeigt sich am Morgen teils bew\u00f6lkt, mit guter Sichtweite von bis zu 25 Kilometern und m\u00e4\u00dfigem S\u00fcdwind um 20 km\/h.<\/p>\n<p class=\"text-18 leading-17\">Im Tagesverlauf steigen die Temperaturen auf bis zu 2 Grad an. Ab dem sp\u00e4ten Vormittag zeigt sich \u00f6fter die Sonne \u2013 besonders zwischen 10 und 14 Uhr, wenn die Bew\u00f6lkung deutlich zur\u00fcckgeht. Regen bleibt den ganzen Tag \u00fcber aus, und auch die Luftfeuchtigkeit bleibt vergleichsweise niedrig. Die Bedingungen bleiben damit insgesamt trocken und freundlich.<\/p>\n<p class=\"text-18 leading-17\">Am Abend k\u00fchlt es langsam wieder ab, die Temperaturen sinken auf rund 1 bis 2 Grad. Die Bew\u00f6lkung nimmt zu, und die Nacht verl\u00e4uft \u00fcberwiegend bedeckt, aber trocken. In der zweiten Nachth\u00e4lfte ist erneut leichter Frost m\u00f6glich, jedoch ohne aktuelle Warnung.<\/p>\n<p class=\"text-18 leading-17\">Am Samstag bleibt es \u00fcberwiegend bew\u00f6lkt, mit H\u00f6chstwerten um 4 Grad und weiterhin trockenem <a class=\"transition-colors duration-200 cursor-pointer text-inherit no-underline text-salemsfur md:hover:text-magenta md:hover:border-magenta md:focus:text-magenta border-current border-b border-solid break-words\" href=\"https:\/\/www.t-online.de\/wetter\" data-sctrack=\"BodyAnchor\" target=\"_blank\" rel=\"noopener\">Wetter<\/a>. Auch der Sonntag zeigt sich tr\u00fcb, bei \u00e4hnlichen Temperaturen und leicht zunehmender Bew\u00f6lkung. Offizielle Unwetterwarnungen bestehen laut DWD derzeit nicht f\u00fcr das Wochenende.<\/p>\n<p class=\"text-18 leading-17\">Das aktuelle Wetter f\u00fcr M\u00fcnchen heute und in den kommenden Tagen finden Sie immer auf <a target=\"_blank\" class=\"transition-colors duration-200 cursor-pointer text-inherit no-underline text-salemsfur md:hover:text-magenta md:hover:border-magenta md:focus:text-magenta border-current border-b border-solid break-words\" href=\"https:\/\/www.t-online.de\/wetter\/deutschland\/muenchen\/jd138hq576\/wetter-heute\" data-sctrack=\"BodyAnchor\" rel=\"noopener\">der t-online-Wetterseite<\/a> oder in unserem Video oben.<\/p>\n","protected":false},"excerpt":{"rendered":"Prognose f\u00fcr M\u00fcnchen Es bleibt eisig: Wetterdienst warnt auch am Freitag vor Frost Aktualisiert am 27.11.2025 &#8211; 06:00&hellip;\n","protected":false},"author":2,"featured_media":607551,"comment_status":"","ping_status":"","sticky":false,"template":"","format":"standard","meta":{"footnotes":""},"categories":[1827],"tags":[722,772,950,29,30,37269,1268,2256,4907,2257,2255],"class_list":{"0":"post-607550","1":"post","2":"type-post","3":"status-publish","4":"format-standard","5":"has-post-thumbnail","7":"category-muenchen","8":"tag-722","9":"tag-bayern","10":"tag-deutscher-wetterdienst","11":"tag-deutschland","12":"tag-germany","13":"tag-kaeltewelle","14":"tag-muenchen","15":"tag-wetterausblick","16":"tag-wetteraussicht","17":"tag-wetterlage","18":"tag-wettervorhersage"},"share_on_mastodon":{"url":"https:\/\/pubeurope.com\/@de\/115625149414096490","error":""},"_links":{"self":[{"href":"https:\/\/www.europesays.com\/de\/wp-json\/wp\/v2\/posts\/607550","targetHints":{"allow":["GET"]}}],"collection":[{"href":"https:\/\/www.europesays.com\/de\/wp-json\/wp\/v2\/posts"}],"about":[{"href":"https:\/\/www.europesays.com\/de\/wp-json\/wp\/v2\/types\/post"}],"author":[{"embeddable":true,"href":"https:\/\/www.europesays.com\/de\/wp-json\/wp\/v2\/users\/2"}],"replies":[{"embeddable":true,"href":"https:\/\/www.europesays.com\/de\/wp-json\/wp\/v2\/comments?post=607550"}],"version-history":[{"count":0,"href":"https:\/\/www.europesays.com\/de\/wp-json\/wp\/v2\/posts\/607550\/revisions"}],"wp:featuredmedia":[{"embeddable":true,"href":"https:\/\/www.europesays.com\/de\/wp-json\/wp\/v2\/media\/607551"}],"wp:attachment":[{"href":"https:\/\/www.europesays.com\/de\/wp-json\/wp\/v2\/media?parent=607550"}],"wp:term":[{"taxonomy":"category","embeddable":true,"href":"https:\/\/www.europesays.com\/de\/wp-json\/wp\/v2\/categories?post=607550"},{"taxonomy":"post_tag","embeddable":true,"href":"https:\/\/www.europesays.com\/de\/wp-json\/wp\/v2\/tags?post=607550"}],"curies":[{"name":"wp","href":"https:\/\/api.w.org\/{rel}","templated":true}]}}