{"id":607556,"date":"2025-11-28T03:17:20","date_gmt":"2025-11-28T03:17:20","guid":{"rendered":"https:\/\/www.europesays.com\/de\/607556\/"},"modified":"2025-11-28T03:17:20","modified_gmt":"2025-11-28T03:17:20","slug":"berlin-brandenburg-durchsuchungen-wegen-serie-von-hakenkreuz-schmierereien","status":"publish","type":"post","link":"https:\/\/www.europesays.com\/de\/607556\/","title":{"rendered":"Berlin &#038; Brandenburg: Durchsuchungen wegen Serie von Hakenkreuz-Schmierereien"},"content":{"rendered":"<p>Berlin &amp; BrandenburgDurchsuchungen wegen Serie von Hakenkreuz-Schmierereien<img decoding=\"async\" class=\"Image_img__fQCi0 Image_Img_16_9__4BLfH\" loading=\"eager\" fetchpriority=\"high\" src=\"https:\/\/www.europesays.com\/de\/wp-content\/uploads\/2025\/11\/Die-Polizei-ging-gegen-einen-34-Jaehrigen-wegen-einer-Serie-von-Hakenkreuz-Schmierereien-vor.webp.webp\" alt=\"Die-Polizei-ging-gegen-einen-34-Jaehrigen-wegen-einer-Serie-von-Hakenkreuz-Schmierereien-vor\"\/>TeilenFolgen auf:<a href=\"https:\/\/www.whatsapp.com\/channel\/0029Va5cdVJD8SDp5YZgYF01\" title=\"Auf WhatsApp folgen\" target=\"_blank\" rel=\"noopener\"><img decoding=\"async\" src=\"https:\/\/www.n-tv.de\/socialIcons\/whatsapp.svg\" alt=\"whatsapp\" class=\"ArticleShare_icon__FsrC2\"\/><\/a><a href=\"https:\/\/news.google.com\/publications\/CAAiEPMdif5mpRNxiLOeUpHCwwsqFAgKIhDzHYn-ZqUTcYiznlKRwsML?hl=de&amp;gl=DE&amp;ceid=DE%3Ade\" title=\"Auf Google News folgen\" target=\"_blank\" rel=\"noopener\"><img decoding=\"async\" src=\"https:\/\/www.n-tv.de\/socialIcons\/google.svg\" alt=\"whatsapp\" class=\"ArticleShare_icon__FsrC2\"\/><\/a><\/p>\n<p class=\"Typography_text-m__XI0da Typography_weight-bold__uT6mq storyline_lead_text_leadtext__q_wg8\">Die Polizei r\u00fcckt zur Suche nach Beweisen f\u00fcr eine Serie von Hakenkreuz-Schmierereien aus. Auch eine Wohnadresse in Mecklenburg-Vorpommern haben die Ermittler im Visier.<\/p>\n<p class=\"Typography_text-default__P3otY Typography_weight-normal__pqUbH storyline_paragraph_p__qSR5N\">Uckermark (dpa\/bb) &#8211; Wegen einer Serie von Hakenkreuz-Schmierereien ist die Polizei in der Uckermark und in Mecklenburg-Vorpommern gegen einen 34-J\u00e4hrigen vorgegangen. Gegen ihn laufen zwei Dutzend Verfahren im Bereich der politisch motivierten Kriminalit\u00e4t &#8211; wegen des Verwendens von Kennzeichen verfassungswidriger Organisationen und Sachbesch\u00e4digungen, wie die Polizei mitteilte.<\/p>\n<p class=\"Typography_text-default__P3otY Typography_weight-normal__pqUbH storyline_paragraph_p__qSR5N\">Am Mittwoch durchsuchten Einsatzkr\u00e4fte die Wohnanschrift des Mannes im mecklenburgischen Feldberg und eine Anschrift im Landkreis Uckermark. Sie konnten Beweismittel sicherstellen &#8211; um was es sich dabei handelt, wollte ein Sprecher der Polizei nicht sagen.<\/p>\n<p class=\"Typography_text-s__wu_cm Typography_weight-normal__pqUbH Typography_color-darkgrey__sZEnP article-detail-footer_source__KslPc\">Quelle: dpa<\/p>\n","protected":false},"excerpt":{"rendered":"Berlin &amp; BrandenburgDurchsuchungen wegen Serie von Hakenkreuz-SchmierereienTeilenFolgen auf: Die Polizei r\u00fcckt zur Suche nach Beweisen f\u00fcr eine Serie&hellip;\n","protected":false},"author":2,"featured_media":607557,"comment_status":"","ping_status":"","sticky":false,"template":"","format":"standard","meta":{"footnotes":""},"categories":[1816],"tags":[1960,1958,1959,1957,1956,1890,29,30],"class_list":{"0":"post-607556","1":"post","2":"type-post","3":"status-publish","4":"format-standard","5":"has-post-thumbnail","7":"category-brandenburg","8":"tag-aktuelle-nachrichten-aus-berlin-und-brandenburg","9":"tag-aktuelle-nachrichten-aus-brandenburg","10":"tag-aktuelle-news-aus-berlin-und-brandenburg","11":"tag-aktuelle-news-aus-brandenburg","12":"tag-berlin-und-brandenburg","13":"tag-brandenburg","14":"tag-deutschland","15":"tag-germany"},"share_on_mastodon":{"url":"https:\/\/pubeurope.com\/@de\/115625161925418384","error":""},"_links":{"self":[{"href":"https:\/\/www.europesays.com\/de\/wp-json\/wp\/v2\/posts\/607556","targetHints":{"allow":["GET"]}}],"collection":[{"href":"https:\/\/www.europesays.com\/de\/wp-json\/wp\/v2\/posts"}],"about":[{"href":"https:\/\/www.europesays.com\/de\/wp-json\/wp\/v2\/types\/post"}],"author":[{"embeddable":true,"href":"https:\/\/www.europesays.com\/de\/wp-json\/wp\/v2\/users\/2"}],"replies":[{"embeddable":true,"href":"https:\/\/www.europesays.com\/de\/wp-json\/wp\/v2\/comments?post=607556"}],"version-history":[{"count":0,"href":"https:\/\/www.europesays.com\/de\/wp-json\/wp\/v2\/posts\/607556\/revisions"}],"wp:featuredmedia":[{"embeddable":true,"href":"https:\/\/www.europesays.com\/de\/wp-json\/wp\/v2\/media\/607557"}],"wp:attachment":[{"href":"https:\/\/www.europesays.com\/de\/wp-json\/wp\/v2\/media?parent=607556"}],"wp:term":[{"taxonomy":"category","embeddable":true,"href":"https:\/\/www.europesays.com\/de\/wp-json\/wp\/v2\/categories?post=607556"},{"taxonomy":"post_tag","embeddable":true,"href":"https:\/\/www.europesays.com\/de\/wp-json\/wp\/v2\/tags?post=607556"}],"curies":[{"name":"wp","href":"https:\/\/api.w.org\/{rel}","templated":true}]}}